{"id":75835,"date":"2025-08-04T21:28:37","date_gmt":"2025-08-04T19:28:37","guid":{"rendered":"https:\/\/euwps05.newsmemory.com\/ilmercoledi\/news\/2025\/08\/04\/moncalieri-nuova-passerella-di-corso-trieste-nella-notte-di-martedi\/"},"modified":"2025-08-04T21:29:16","modified_gmt":"2025-08-04T19:29:16","slug":"moncalieri-nuova-passerella-di-corso-trieste-nella-notte-di-martedi","status":"publish","type":"post","link":"https:\/\/www.ilmercoledi.news\/2025\/08\/04\/moncalieri-nuova-passerella-di-corso-trieste-nella-notte-di-martedi\/","title":{"rendered":"MONCALIERI &#8211; Nuova passerella di corso Trieste nella notte di marted\u00ec"},"content":{"rendered":"<p>Novit\u00e0 importanti in tema di viabilit\u00e0 a Moncalieri. Dalle ore 20 di marted\u00ec 5 agosto fino ad inizio mattinata di mercoled\u00ec 6, corso Trieste sar\u00e0 completamente chiuso al traffico. Lo stop riguarda un tratto molto trafficato. Si tratta di quello compreso tra la rotonda con corso Maroncelli e lo svincolo San Paolo, in entrambe le direzioni. Coinvolte anche alcune strade di accesso alla direttrice principale, che subiranno deviazioni o chiusure temporanee.<\/p>\n<p>Il restyling permetter\u00e0 l\u2019installazione della nuova passerella ciclopedonale che collegher\u00e0 via Bosso al parco delle Vallere. La struttura, che va a sostituire la storica passerella rimossa nel 2024, \u00e8 finanziata con fondi Pnrr per un valore complessivo di 1,2 milioni di euro<\/p>\n","protected":false},"excerpt":{"rendered":"","protected":false},"author":11,"featured_media":71247,"comment_status":"open","ping_status":"closed","sticky":false,"template":"","format":"standard","meta":[],"categories":[8],"tags":[],"news-destination":[],"news-source":[],"is_homepage":[581],"ta_other":[],"_links":{"self":[{"href":"https:\/\/www.ilmercoledi.news\/ilmercoledi\/news\/wp-json\/wp\/v2\/posts\/75835"}],"collection":[{"href":"https:\/\/www.ilmercoledi.news\/ilmercoledi\/news\/wp-json\/wp\/v2\/posts"}],"about":[{"href":"https:\/\/www.ilmercoledi.news\/ilmercoledi\/news\/wp-json\/wp\/v2\/types\/post"}],"author":[{"embeddable":true,"href":"https:\/\/www.ilmercoledi.news\/ilmercoledi\/news\/wp-json\/wp\/v2\/users\/11"}],"replies":[{"embeddable":true,"href":"https:\/\/www.ilmercoledi.news\/ilmercoledi\/news\/wp-json\/wp\/v2\/comments?post=75835"}],"version-history":[{"count":0,"href":"https:\/\/www.ilmercoledi.news\/ilmercoledi\/news\/wp-json\/wp\/v2\/posts\/75835\/revisions"}],"wp:featuredmedia":[{"embeddable":true,"href":"https:\/\/www.ilmercoledi.news\/ilmercoledi\/news\/wp-json\/wp\/v2\/media\/71247"}],"wp:attachment":[{"href":"https:\/\/www.ilmercoledi.news\/ilmercoledi\/news\/wp-json\/wp\/v2\/media?parent=75835"}],"wp:term":[{"taxonomy":"category","embeddable":true,"href":"https:\/\/www.ilmercoledi.news\/ilmercoledi\/news\/wp-json\/wp\/v2\/categories?post=75835"},{"taxonomy":"post_tag","embeddable":true,"href":"https:\/\/www.ilmercoledi.news\/ilmercoledi\/news\/wp-json\/wp\/v2\/tags?post=75835"},{"taxonomy":"news-destination","embeddable":true,"href":"https:\/\/www.ilmercoledi.news\/ilmercoledi\/news\/wp-json\/wp\/v2\/news-destination?post=75835"},{"taxonomy":"news-source","embeddable":true,"href":"https:\/\/www.ilmercoledi.news\/ilmercoledi\/news\/wp-json\/wp\/v2\/news-source?post=75835"},{"taxonomy":"is_homepage","embeddable":true,"href":"https:\/\/www.ilmercoledi.news\/ilmercoledi\/news\/wp-json\/wp\/v2\/is_homepage?post=75835"},{"taxonomy":"ta_other","embeddable":true,"href":"https:\/\/www.ilmercoledi.news\/ilmercoledi\/news\/wp-json\/wp\/v2\/ta_other?post=75835"}],"curies":[{"name":"wp","href":"https:\/\/api.w.org\/{rel}","templated":true}]}}