{"id":76432,"date":"2025-09-08T21:26:15","date_gmt":"2025-09-08T19:26:15","guid":{"rendered":"https:\/\/euwps05.newsmemory.com\/ilmercoledi\/news\/2025\/09\/08\/moncalieri-riparte-terza-eta-creattiva\/"},"modified":"2025-09-08T21:28:14","modified_gmt":"2025-09-08T19:28:14","slug":"moncalieri-riparte-terza-eta-creattiva","status":"publish","type":"post","link":"https:\/\/www.ilmercoledi.news\/2025\/09\/08\/moncalieri-riparte-terza-eta-creattiva\/","title":{"rendered":"MONCALIERI &#8211; Riparte &#8216;Terza et\u00e0 Creattiva&#8217;"},"content":{"rendered":"<p>Riparte a Moncalieri l&#8217;iniziativa &#8220;Terza Et\u00e0 Creattiva&#8221;, il progetto dedicato al benessere psicofisico e alla socializzazione degli over 60 che quest&#8217;anno propone ben 14 diverse attivit\u00e0 formative e ricreative. Un&#8217;offerta variegata e inclusiva che abbraccia corpo, mente e spirito, pensata per promuovere l&#8217;invecchiamento attivo e la qualit\u00e0 della vita nella terza et\u00e0.<\/p>\n<p>UN ASSAGGIO DELLE ATTIVIT\u00c0 IN PROGRAMMA<\/p>\n<p>Prima dell&#8217;avvio ufficiale dei corsi, venerd\u00ec 27 settembre dalle ore 14:30 alle 18:00, presso il Centro Leimon (via Eduardo De Filippo 4), sar\u00e0 possibile partecipare gratuitamente a un &#8220;assaggio&#8221; di tutte le attivit\u00e0 proposte. Un&#8217;occasione unica per conoscere i docenti,<\/p>\n<p>provare le discipline e scegliere il corso pi\u00f9 adatto alle proprie inclinazioni. QUATTORDICI PERCORSI PER CORPO E MENTE<\/p>\n<p>La proposta formativa di Moncalieri Terza Et\u00e0 Creattiva spazia dalle discipline orientali alle attivit\u00e0 artistiche, dalla ginnastica dolce ai laboratori creativi:<\/p>\n<p>\uedb7 Benessere fisico: Yoga classico, Feldenkrais, Tai Chi Chuan, Ginnastica dolce posturale, Ginnastica musicale, Palestra della gioia<\/p>\n<p>\uedb7 Danza e movimento: Ballo liscio e latino, Balli di gruppo \uedb7 Espressione artistica: Teatro, Pittura, Laboratorio musicale, Coro \uedb7 Benessere mentale: Mindfulness, Palestra per la mente<\/p>\n<p>Tutti i corsi prevedono 25 incontri settimanali e inizieranno luned\u00ec 13 ottobre con due settimane di prova completamente gratuite, per permettere a ogni partecipante di valutare serenamente la propria scelta.<\/p>\n<p>MODALIT\u00c0 DI ISCRIZIONE E COSTI ACCESSIBILI<\/p>\n<p>Le iscrizioni si apriranno luned\u00ec 29 settembre e proseguiranno per tutto il mese di ottobre presso Casa Vitrotti (Viale della Stazione 5), dal luned\u00ec al venerd\u00ec dalle ore 10:00 alle 12:00.<\/p>\n<p>I costi variano in base alla tipologia dell&#8217;attivit\u00e0 e al numero di partecipanti, mantenendo sempre criteri di accessibilit\u00e0. Il pagamento potr\u00e0 essere effettuato tramite bollettino postale o bonifico bancario, da consegnare al momento dell&#8217;iscrizione.<\/p>\n<p>QUATTRO SEDI DISTRIBUITE SUL TERRITORIOLe attivit\u00e0 si svolgeranno presso quattro centri strategicamente distribuiti sul territorio moncalierese:<\/p>\n<p>\uedb7 Casa Vitrotti (Viale della Stazione 5) \uedb7 Centro Oikia (Via Gramsci 18) \uedb7 Centro Leimon (Via Eduardo De Filippo 4) \uedb7 Centro Zoe (Salita Padre Denza 9)<\/p>\n","protected":false},"excerpt":{"rendered":"","protected":false},"author":11,"featured_media":7156,"comment_status":"open","ping_status":"closed","sticky":false,"template":"","format":"standard","meta":[],"categories":[34],"tags":[],"news-destination":[],"news-source":[],"is_homepage":[581],"ta_other":[],"_links":{"self":[{"href":"https:\/\/www.ilmercoledi.news\/ilmercoledi\/news\/wp-json\/wp\/v2\/posts\/76432"}],"collection":[{"href":"https:\/\/www.ilmercoledi.news\/ilmercoledi\/news\/wp-json\/wp\/v2\/posts"}],"about":[{"href":"https:\/\/www.ilmercoledi.news\/ilmercoledi\/news\/wp-json\/wp\/v2\/types\/post"}],"author":[{"embeddable":true,"href":"https:\/\/www.ilmercoledi.news\/ilmercoledi\/news\/wp-json\/wp\/v2\/users\/11"}],"replies":[{"embeddable":true,"href":"https:\/\/www.ilmercoledi.news\/ilmercoledi\/news\/wp-json\/wp\/v2\/comments?post=76432"}],"version-history":[{"count":0,"href":"https:\/\/www.ilmercoledi.news\/ilmercoledi\/news\/wp-json\/wp\/v2\/posts\/76432\/revisions"}],"wp:featuredmedia":[{"embeddable":true,"href":"https:\/\/www.ilmercoledi.news\/ilmercoledi\/news\/wp-json\/wp\/v2\/media\/7156"}],"wp:attachment":[{"href":"https:\/\/www.ilmercoledi.news\/ilmercoledi\/news\/wp-json\/wp\/v2\/media?parent=76432"}],"wp:term":[{"taxonomy":"category","embeddable":true,"href":"https:\/\/www.ilmercoledi.news\/ilmercoledi\/news\/wp-json\/wp\/v2\/categories?post=76432"},{"taxonomy":"post_tag","embeddable":true,"href":"https:\/\/www.ilmercoledi.news\/ilmercoledi\/news\/wp-json\/wp\/v2\/tags?post=76432"},{"taxonomy":"news-destination","embeddable":true,"href":"https:\/\/www.ilmercoledi.news\/ilmercoledi\/news\/wp-json\/wp\/v2\/news-destination?post=76432"},{"taxonomy":"news-source","embeddable":true,"href":"https:\/\/www.ilmercoledi.news\/ilmercoledi\/news\/wp-json\/wp\/v2\/news-source?post=76432"},{"taxonomy":"is_homepage","embeddable":true,"href":"https:\/\/www.ilmercoledi.news\/ilmercoledi\/news\/wp-json\/wp\/v2\/is_homepage?post=76432"},{"taxonomy":"ta_other","embeddable":true,"href":"https:\/\/www.ilmercoledi.news\/ilmercoledi\/news\/wp-json\/wp\/v2\/ta_other?post=76432"}],"curies":[{"name":"wp","href":"https:\/\/api.w.org\/{rel}","templated":true}]}}