{"id":76435,"date":"2025-09-08T21:35:17","date_gmt":"2025-09-08T19:35:17","guid":{"rendered":"https:\/\/euwps05.newsmemory.com\/ilmercoledi\/news\/2025\/09\/08\/candiolo-il-paese-si-veste-festa\/"},"modified":"2025-09-08T21:36:47","modified_gmt":"2025-09-08T19:36:47","slug":"candiolo-il-paese-si-veste-festa","status":"publish","type":"post","link":"https:\/\/www.ilmercoledi.news\/2025\/09\/08\/candiolo-il-paese-si-veste-festa\/","title":{"rendered":"CANDIOLO &#8211; Il paese si veste a festa"},"content":{"rendered":"<p>Sabato 13 Settembre a Candiolo ci sar\u00e0 una lunga giornata di festa che vedr\u00e0 impegnate numerose associazioni (sportive, culturali, di volontariato) in due luoghi simbolo del nostro comune: il Candiolo Village e Piazza Sella<\/p>\n<p>&nbsp;<\/p>\n<p>CANDIOLO VILLAGE<\/p>\n<p>Si comincia alle h 10 al Teatro dei Bottoni con un laboratorio sulla prevenzione, gestione e primo soccorso negli incidenti domestici a cura della Croce Verde (unica attivit\u00e0 ad iscrizione: per iscriversi collegarsi al seguente link https:\/\/docs.google.com\/forms\/d\/e\/1FAIpQLScoROkcP8sYr7PfVgvwEodUWsTQlCapy0ecLBYhZzRauYuqbg\/viewform o scansionare il qr code sulla locandina). Sar\u00e0 presente il ludobus tutta la giornata per far giocare grandi e piccini. Dopo un pranzo condiviso, alle h 14 attivit\u00e0 di lettura dedicata alle famiglie con bimbi\/e dai 3 ai 6 anni a cura dei volontari della biblioteca di Candiolo e del sistema Nati per Leggere. Seguir\u00e0 la presentazione del libro \u201cA cosa serve un pap\u00e0?\u201d di Silvana Quadrino.<\/p>\n<p>Dalle h 16 alle h 18 festa delle associazioni sportive: vieni a provare gratuitamente le attivit\u00e0 sportive presenti sul territorio di Candiolo: Karate\/difesa personale, beach volley, twirling, Calcio a 5, padel e beach volley.<\/p>\n<p>Alle h 17 merenda offerta dall\u2019Amministrazione comunale.<\/p>\n<p>&nbsp;<\/p>\n<p>PIAZZA SELLA<\/p>\n<p>Dalle h 15 festa delle associazioni culturali e di volontariato candiolesi. Un\u2019occasione di incontro con le realt\u00e0 associative locali per conoscere da vicino le loro attivit\u00e0 e scoprire nuove opportunit\u00e0 di partecipazione.<\/p>\n<p>Dalle h 18 street food e bevande a cura della Pro Loco, per arrivare poi alle h 21.30 con il concerto de \u201cGli Anni D\u2019Oro\u201d cover band che riproporr\u00e0 successi di Ligabue, Vasco Rossi e 883.<\/p>\n","protected":false},"excerpt":{"rendered":"","protected":false},"author":11,"featured_media":54869,"comment_status":"open","ping_status":"closed","sticky":false,"template":"","format":"standard","meta":[],"categories":[34],"tags":[],"news-destination":[],"news-source":[],"is_homepage":[581],"ta_other":[],"_links":{"self":[{"href":"https:\/\/www.ilmercoledi.news\/ilmercoledi\/news\/wp-json\/wp\/v2\/posts\/76435"}],"collection":[{"href":"https:\/\/www.ilmercoledi.news\/ilmercoledi\/news\/wp-json\/wp\/v2\/posts"}],"about":[{"href":"https:\/\/www.ilmercoledi.news\/ilmercoledi\/news\/wp-json\/wp\/v2\/types\/post"}],"author":[{"embeddable":true,"href":"https:\/\/www.ilmercoledi.news\/ilmercoledi\/news\/wp-json\/wp\/v2\/users\/11"}],"replies":[{"embeddable":true,"href":"https:\/\/www.ilmercoledi.news\/ilmercoledi\/news\/wp-json\/wp\/v2\/comments?post=76435"}],"version-history":[{"count":0,"href":"https:\/\/www.ilmercoledi.news\/ilmercoledi\/news\/wp-json\/wp\/v2\/posts\/76435\/revisions"}],"wp:featuredmedia":[{"embeddable":true,"href":"https:\/\/www.ilmercoledi.news\/ilmercoledi\/news\/wp-json\/wp\/v2\/media\/54869"}],"wp:attachment":[{"href":"https:\/\/www.ilmercoledi.news\/ilmercoledi\/news\/wp-json\/wp\/v2\/media?parent=76435"}],"wp:term":[{"taxonomy":"category","embeddable":true,"href":"https:\/\/www.ilmercoledi.news\/ilmercoledi\/news\/wp-json\/wp\/v2\/categories?post=76435"},{"taxonomy":"post_tag","embeddable":true,"href":"https:\/\/www.ilmercoledi.news\/ilmercoledi\/news\/wp-json\/wp\/v2\/tags?post=76435"},{"taxonomy":"news-destination","embeddable":true,"href":"https:\/\/www.ilmercoledi.news\/ilmercoledi\/news\/wp-json\/wp\/v2\/news-destination?post=76435"},{"taxonomy":"news-source","embeddable":true,"href":"https:\/\/www.ilmercoledi.news\/ilmercoledi\/news\/wp-json\/wp\/v2\/news-source?post=76435"},{"taxonomy":"is_homepage","embeddable":true,"href":"https:\/\/www.ilmercoledi.news\/ilmercoledi\/news\/wp-json\/wp\/v2\/is_homepage?post=76435"},{"taxonomy":"ta_other","embeddable":true,"href":"https:\/\/www.ilmercoledi.news\/ilmercoledi\/news\/wp-json\/wp\/v2\/ta_other?post=76435"}],"curies":[{"name":"wp","href":"https:\/\/api.w.org\/{rel}","templated":true}]}}