{"id":76673,"date":"2025-09-22T09:33:51","date_gmt":"2025-09-22T07:33:51","guid":{"rendered":"https:\/\/euwps06.newsmemory.com\/ilmercoledi\/news\/2025\/09\/22\/carmagnola-primo-aperilibro-dopo-la-pausa-estiva-venerdi-26-settembre-lo-scriba-del-faraone-con-il-saggista-e-storico-costantino-andrea-de-luca\/"},"modified":"2025-09-22T09:33:54","modified_gmt":"2024-11-26T09:33:54","slug":"carmagnola-primo-aperilibro-dopo-la-pausa-estiva-venerdi-26-settembre-lo-scriba-del-faraone-con-il-saggista-e-storico-costantino-andrea-de-luca","status":"publish","type":"post","link":"https:\/\/www.ilmercoledi.news\/2025\/09\/22\/carmagnola-primo-aperilibro-dopo-la-pausa-estiva-venerdi-26-settembre-lo-scriba-del-faraone-con-il-saggista-e-storico-costantino-andrea-de-luca\/","title":{"rendered":"CARMAGNOLA &#8211; Primo \u00abAperilibro\u00bb dopo la pausa estiva: venerd\u00ec 26 settembre \u201cLo scriba del faraone\u201d con il saggista e storico Costantino Andrea De Luca"},"content":{"rendered":"<p>IL LIBRO<\/p>\n<p>\u201cLo scriba del faraone\u201d<\/p>\n<p>Quando si parla di storia, il primo pensiero va quasi sempre ai grandi even4, agli imperi, alle guerre, ai potenti che dominano i manuali scolas4ci e le fon4 storiografiche. Ma, guardando oltre la superficie, tra le pieghe del tempo compaiono anche le persone comuni che spesso sono state protagoniste di avventure ed emozioni degne di essere scoperte e raccontate. Proprio per questo Costan4no Andrea De Luca \u2013 giovane storico e divulgatore molto seguito e apprezzato \u2013 riporta alla luce quelle \u201cvite senza nome\u201d che hanno attraversato i secoli e che presentano incredibili somiglianze con la contemporaneit\u00e0: uno studente odierno pu\u00f2 cos\u00ec rivedersi in un collega medievale sofferente dopo una bocciatura; un innamorato pu\u00f2 ritrovare i propri sentimenti nelle lettere di una coppia duecentesca; una moglie delusa pu\u00f2 pagare il medesimo dolore di una donna assira abbandonata dal marito. Muovendosi dall\u2019antichit\u00e0 fino al Novecento, De Luca ci accompagna in modo nuovo e coinvolgente fra piccoli e grandi episodi avvenuti nei secoli ma con un sapore ancora attuale. Perch\u00e9, come ci ricorda l\u2019autore, \u201cle emozioni umane sono rimaste sostanzialmente le stesse nel corso della storia, e l\u2019empatia pu\u00f2 attraversare i millenni legandoci ai nostri avi\u201d.<\/p>\n<p>IL SAGGISTA<\/p>\n<p>Costantino Andrea De Luca Nasce a Padova nel 1995. A 10 anni il padre gli regala il suo primo romanzo storico, che fa nascere in lui una passione sconfinata per la storia an4ca. Da quel momento studia e colleziona tes4 storici di ogni 4pologia, con una particolare attenzione per gli autori classici. Nel dicembre del 2017 decide di aprire la pagina Facebook \u201cUna pillola di storia an4ca al giorno\u201d, che riscuote un enorme successo, tanto che ad oggi la sua community online, in rapida espansione, conta oltre 220.000 persone. Il suo primo libro \u00e8 stato \u201cPillole di storia an4ca. 365 curiosit\u00e0 per ogni giorno dell\u2019anno&#8221; edito da Newton Compton.<\/p>\n<p>L&#8217;apericena (non obbligatoria) avr\u00e0 luogo alla Trattoria della Vigna venerd\u00ec 26 settembre a partire dalle ore 19:30 al costo di \u20ac 15,00 comprensiva di due an4pas4, un primo e acqua e garantisce i posti nelle prime file alla presentazione. L&#8217;incontro con lo scrittore sar\u00e0 invece nella Sala Monviso (Via San Francesco di Sales 188 a Carmagnola) alle ore 21:00. Come sempre, quota di<\/p>\n<p>ingresso 1\u20ac.<\/p>\n<p>Per info e prenotazioni 392\/5938504<\/p>\n","protected":false},"excerpt":{"rendered":"","protected":false},"author":10,"featured_media":76672,"comment_status":"open","ping_status":"closed","sticky":false,"template":"","format":"standard","meta":[],"categories":[34,9],"tags":[],"news-destination":[],"news-source":[],"is_homepage":[581],"ta_other":[],"_links":{"self":[{"href":"https:\/\/www.ilmercoledi.news\/ilmercoledi\/news\/wp-json\/wp\/v2\/posts\/76673"}],"collection":[{"href":"https:\/\/www.ilmercoledi.news\/ilmercoledi\/news\/wp-json\/wp\/v2\/posts"}],"about":[{"href":"https:\/\/www.ilmercoledi.news\/ilmercoledi\/news\/wp-json\/wp\/v2\/types\/post"}],"author":[{"embeddable":true,"href":"https:\/\/www.ilmercoledi.news\/ilmercoledi\/news\/wp-json\/wp\/v2\/users\/10"}],"replies":[{"embeddable":true,"href":"https:\/\/www.ilmercoledi.news\/ilmercoledi\/news\/wp-json\/wp\/v2\/comments?post=76673"}],"version-history":[{"count":0,"href":"https:\/\/www.ilmercoledi.news\/ilmercoledi\/news\/wp-json\/wp\/v2\/posts\/76673\/revisions"}],"wp:featuredmedia":[{"embeddable":true,"href":"https:\/\/www.ilmercoledi.news\/ilmercoledi\/news\/wp-json\/wp\/v2\/media\/76672"}],"wp:attachment":[{"href":"https:\/\/www.ilmercoledi.news\/ilmercoledi\/news\/wp-json\/wp\/v2\/media?parent=76673"}],"wp:term":[{"taxonomy":"category","embeddable":true,"href":"https:\/\/www.ilmercoledi.news\/ilmercoledi\/news\/wp-json\/wp\/v2\/categories?post=76673"},{"taxonomy":"post_tag","embeddable":true,"href":"https:\/\/www.ilmercoledi.news\/ilmercoledi\/news\/wp-json\/wp\/v2\/tags?post=76673"},{"taxonomy":"news-destination","embeddable":true,"href":"https:\/\/www.ilmercoledi.news\/ilmercoledi\/news\/wp-json\/wp\/v2\/news-destination?post=76673"},{"taxonomy":"news-source","embeddable":true,"href":"https:\/\/www.ilmercoledi.news\/ilmercoledi\/news\/wp-json\/wp\/v2\/news-source?post=76673"},{"taxonomy":"is_homepage","embeddable":true,"href":"https:\/\/www.ilmercoledi.news\/ilmercoledi\/news\/wp-json\/wp\/v2\/is_homepage?post=76673"},{"taxonomy":"ta_other","embeddable":true,"href":"https:\/\/www.ilmercoledi.news\/ilmercoledi\/news\/wp-json\/wp\/v2\/ta_other?post=76673"}],"curies":[{"name":"wp","href":"https:\/\/api.w.org\/{rel}","templated":true}]}}