{"id":76784,"date":"2025-09-29T07:05:26","date_gmt":"2025-09-29T05:05:26","guid":{"rendered":"https:\/\/euwps06.newsmemory.com\/ilmercoledi\/news\/2025\/09\/29\/santena-consegnato-il-premio-cavour-al-maestro-nuti\/"},"modified":"2025-09-29T07:05:29","modified_gmt":"2024-12-03T07:05:29","slug":"santena-consegnato-il-premio-cavour-al-maestro-nuti","status":"publish","type":"post","link":"https:\/\/www.ilmercoledi.news\/2025\/09\/29\/santena-consegnato-il-premio-cavour-al-maestro-nuti\/","title":{"rendered":"SANTENA &#8211; Consegnato il premio Cavour al maestro Nuti"},"content":{"rendered":"<p>Il Premio Camillo Cavour 2025 conferito al maestro Riccardo Muti. La cerimonia di consegna si \u00e8 tenuta a Santena gioved\u00ec scorso, 25 settembre 2025, al Memoriale Cavour di Santena. L&#8217;importante riconoscimento \u00e8 stato istituito nel 2007 ed \u00e8 promosso dalla Fondazione Camillo Cavour insieme all\u2019Associazione Amici della Fondazione Cavour.<\/p>\n","protected":false},"excerpt":{"rendered":"","protected":false},"author":11,"featured_media":76783,"comment_status":"open","ping_status":"closed","sticky":false,"template":"","format":"standard","meta":[],"categories":[34],"tags":[],"news-destination":[],"news-source":[],"is_homepage":[581],"ta_other":[],"_links":{"self":[{"href":"https:\/\/www.ilmercoledi.news\/ilmercoledi\/news\/wp-json\/wp\/v2\/posts\/76784"}],"collection":[{"href":"https:\/\/www.ilmercoledi.news\/ilmercoledi\/news\/wp-json\/wp\/v2\/posts"}],"about":[{"href":"https:\/\/www.ilmercoledi.news\/ilmercoledi\/news\/wp-json\/wp\/v2\/types\/post"}],"author":[{"embeddable":true,"href":"https:\/\/www.ilmercoledi.news\/ilmercoledi\/news\/wp-json\/wp\/v2\/users\/11"}],"replies":[{"embeddable":true,"href":"https:\/\/www.ilmercoledi.news\/ilmercoledi\/news\/wp-json\/wp\/v2\/comments?post=76784"}],"version-history":[{"count":0,"href":"https:\/\/www.ilmercoledi.news\/ilmercoledi\/news\/wp-json\/wp\/v2\/posts\/76784\/revisions"}],"wp:featuredmedia":[{"embeddable":true,"href":"https:\/\/www.ilmercoledi.news\/ilmercoledi\/news\/wp-json\/wp\/v2\/media\/76783"}],"wp:attachment":[{"href":"https:\/\/www.ilmercoledi.news\/ilmercoledi\/news\/wp-json\/wp\/v2\/media?parent=76784"}],"wp:term":[{"taxonomy":"category","embeddable":true,"href":"https:\/\/www.ilmercoledi.news\/ilmercoledi\/news\/wp-json\/wp\/v2\/categories?post=76784"},{"taxonomy":"post_tag","embeddable":true,"href":"https:\/\/www.ilmercoledi.news\/ilmercoledi\/news\/wp-json\/wp\/v2\/tags?post=76784"},{"taxonomy":"news-destination","embeddable":true,"href":"https:\/\/www.ilmercoledi.news\/ilmercoledi\/news\/wp-json\/wp\/v2\/news-destination?post=76784"},{"taxonomy":"news-source","embeddable":true,"href":"https:\/\/www.ilmercoledi.news\/ilmercoledi\/news\/wp-json\/wp\/v2\/news-source?post=76784"},{"taxonomy":"is_homepage","embeddable":true,"href":"https:\/\/www.ilmercoledi.news\/ilmercoledi\/news\/wp-json\/wp\/v2\/is_homepage?post=76784"},{"taxonomy":"ta_other","embeddable":true,"href":"https:\/\/www.ilmercoledi.news\/ilmercoledi\/news\/wp-json\/wp\/v2\/ta_other?post=76784"}],"curies":[{"name":"wp","href":"https:\/\/api.w.org\/{rel}","templated":true}]}}