{"id":76866,"date":"2025-10-02T06:20:46","date_gmt":"2025-10-02T04:20:46","guid":{"rendered":"https:\/\/euwps05.newsmemory.com\/ilmercoledi\/news\/2025\/10\/02\/moncalieri-gala-dargento-al-pala-expo\/"},"modified":"2025-10-02T06:21:06","modified_gmt":"2025-10-02T04:21:06","slug":"moncalieri-gala-dargento-al-pala-expo","status":"publish","type":"post","link":"https:\/\/www.ilmercoledi.news\/2025\/10\/02\/moncalieri-gala-dargento-al-pala-expo\/","title":{"rendered":"MONCALIERI &#8211; Gala d&#8217;argento al pala expo"},"content":{"rendered":"<p>Appuntamento a venerd\u00ec 17 ottobre al PalaExpo per il Gal\u00e0 d\u2019Argento. \u201cUna serata speciale pensata per celebrare la comunit\u00e0 con stile e ritmo, dedicata ai graditi ospiti che hanno partecipato ai soggiorni marini e termali promossi dal Comune e dalla Pro Loco\u201d, dichiara l\u2019assessora Silvia Di Crescenzo.<\/p>\n<p>&nbsp;<\/p>\n<p>Non solo musica e ballo nel corso della serata anche la presentazione dei corsi Terza Et\u00e0 Creattiva che prenderanno il via dal mese di ottobre fino a maggio. Il Gal\u00e0 d\u2019Argento \u00e8 organizzato dalla Pro Loco Moncalieri con il patrocinio del Comune e la collaborazione di Moncalieri Terza Et\u00e0. L\u2019appuntamento \u00e8 per venerd\u00ec 17 ottobre dalle ore 19 al PalaExpo di piazza del Mercato. Come nelle precedenti edizioni l\u2019evento potr\u00e0 contare sulla presenza della Scuola di Ballo JDS di Denise Abrate, che si occuper\u00e0 di intrattenimento musicale e animazione. La cena ha un costo di 30 euro a persona, con la possibilit\u00e0 di partecipare insieme ai nipoti grazie al men\u00f9 bimbi a 15 euro.<\/p>\n<p>&nbsp;<\/p>\n<p>Per info e prenotazioni Pro Loco Moncalieri, via San Martino 48, tel. 011.6407428 &#8211;<\/p>\n","protected":false},"excerpt":{"rendered":"","protected":false},"author":11,"featured_media":32803,"comment_status":"open","ping_status":"closed","sticky":false,"template":"","format":"standard","meta":[],"categories":[34],"tags":[],"news-destination":[],"news-source":[],"is_homepage":[581],"ta_other":[],"_links":{"self":[{"href":"https:\/\/www.ilmercoledi.news\/ilmercoledi\/news\/wp-json\/wp\/v2\/posts\/76866"}],"collection":[{"href":"https:\/\/www.ilmercoledi.news\/ilmercoledi\/news\/wp-json\/wp\/v2\/posts"}],"about":[{"href":"https:\/\/www.ilmercoledi.news\/ilmercoledi\/news\/wp-json\/wp\/v2\/types\/post"}],"author":[{"embeddable":true,"href":"https:\/\/www.ilmercoledi.news\/ilmercoledi\/news\/wp-json\/wp\/v2\/users\/11"}],"replies":[{"embeddable":true,"href":"https:\/\/www.ilmercoledi.news\/ilmercoledi\/news\/wp-json\/wp\/v2\/comments?post=76866"}],"version-history":[{"count":0,"href":"https:\/\/www.ilmercoledi.news\/ilmercoledi\/news\/wp-json\/wp\/v2\/posts\/76866\/revisions"}],"wp:featuredmedia":[{"embeddable":true,"href":"https:\/\/www.ilmercoledi.news\/ilmercoledi\/news\/wp-json\/wp\/v2\/media\/32803"}],"wp:attachment":[{"href":"https:\/\/www.ilmercoledi.news\/ilmercoledi\/news\/wp-json\/wp\/v2\/media?parent=76866"}],"wp:term":[{"taxonomy":"category","embeddable":true,"href":"https:\/\/www.ilmercoledi.news\/ilmercoledi\/news\/wp-json\/wp\/v2\/categories?post=76866"},{"taxonomy":"post_tag","embeddable":true,"href":"https:\/\/www.ilmercoledi.news\/ilmercoledi\/news\/wp-json\/wp\/v2\/tags?post=76866"},{"taxonomy":"news-destination","embeddable":true,"href":"https:\/\/www.ilmercoledi.news\/ilmercoledi\/news\/wp-json\/wp\/v2\/news-destination?post=76866"},{"taxonomy":"news-source","embeddable":true,"href":"https:\/\/www.ilmercoledi.news\/ilmercoledi\/news\/wp-json\/wp\/v2\/news-source?post=76866"},{"taxonomy":"is_homepage","embeddable":true,"href":"https:\/\/www.ilmercoledi.news\/ilmercoledi\/news\/wp-json\/wp\/v2\/is_homepage?post=76866"},{"taxonomy":"ta_other","embeddable":true,"href":"https:\/\/www.ilmercoledi.news\/ilmercoledi\/news\/wp-json\/wp\/v2\/ta_other?post=76866"}],"curies":[{"name":"wp","href":"https:\/\/api.w.org\/{rel}","templated":true}]}}