{"id":77132,"date":"2025-10-14T16:39:51","date_gmt":"2025-10-14T14:39:51","guid":{"rendered":"https:\/\/euwps05.newsmemory.com\/ilmercoledi\/news\/2025\/10\/14\/moncalieri-jazz-festival-presentato-il-cartellone\/"},"modified":"2025-10-14T16:53:16","modified_gmt":"2025-10-14T14:53:16","slug":"moncalieri-jazz-festival-presentato-il-cartellone","status":"publish","type":"post","link":"https:\/\/www.ilmercoledi.news\/2025\/10\/14\/moncalieri-jazz-festival-presentato-il-cartellone\/","title":{"rendered":"Moncalieri Jazz Festival presentato il cartellone"},"content":{"rendered":"<p>E&#8217; iniziato il conto alla rovescia per Moncalieri Jazz Festival, che quest\u2019anno celebra la sua 28\u00b0 edizione.<\/p>\n<p>Il ricco cartellone \u00e8 stato presentato oggi nelle sale del Real Collegio Carlo Alberto di fronte ad una folta platea di personalit\u00e0 cittadine e giornalisti.<\/p>\n<p>A fare gli onori di casa il Sindaco di Moncalieri, Paolo Montagna, che con verve ha ricordato <em>&#8220;Seguo questo evento sin dalle prime edizioni e devo dire che di strada ne ha fatta tanta e soprattutto si \u00e8 ampliato sul territorio ed ha saputo trasformarsi in un festival popolare. Un sostegno per diventare l&#8217;iniziativa principale di Moncalieri \u00e8 venuto da diverse realt\u00e0 private e pubbliche; in modo importante dal Comune, sin da quando ero giovane vice-Sindaco. Il merito \u00e8 per\u00f2 del direttore artistico, il maestro Ugo Viola che si dedica con capacit\u00e0 e passione&#8221;.<\/em><\/p>\n<p><img alt=\"Moncalieri Jazz Festival presentato il cartellone\" title=\"Moncalieri Jazz Festival presentato il cartellone\" loading=\"lazy\" class=\" wp-image-82788 aligncenter\" src=\"https:\/\/www.ilmercoledi.news\/ilmercoledi\/news\/wp-content\/uploads\/sites\/3\/2025\/10\/Moncalieri-Jazz-2025-300x221.jpg\" alt=\"\" width=\"287\" height=\"212\" \/><\/p>\n<h2>Notte Nera a tinte rosa<\/h2>\n<p>Dopo i saluti e gli auspici dell&#8217;assessore alla cultura della Regione Piemonte Marina Chiarelli (in video conferenza) e dell&#8217;assessora alla cultura del Comune di Moncalieri Antonella Parigi, la parola \u00e8 passata al vulcanico Ugo Viola, che organizza il festival con l&#8217;associazione Cdmi. <em>&#8220;Il Festival inizier\u00e0 sabato 25 ottobre, con la Notte Nera&#8221;.<\/em> Questo evento per 10 ore trasformer\u00e0 strade, piazze e locali del centro storico di Moncalieri in una straordinaria kermesse musicale con centinaia di band e musicisti. <em>\u201cIl filo conduttore della Notte Nera e dell\u2019intero festival<\/em> \u2013 spiega Ugo Viola \u2013 <em>\u00e8 la figura femminile, che avr\u00e0 come emblema Madre Teresa di Calcutta, icona mondiale della solidariet\u00e0, la cui opera tra gli ultimi \u00e8 diventata un messaggio universale di fratellanza. Una scelta che \u00e8 un vero e proprio invito a riscoprire il senso profondo di ogni battaglia per i diritti umani e la pace\u201d.<\/em><\/p>\n<h2>Omaggio a Sinatra all&#8217;Auditorium Rai<\/h2>\n<p>In ambito artistico, una delle maggiori novit\u00e0 riguarda il concerto principale, che si terr\u00e0 in apertura di Festival, con l\u2019Omaggio a Frank Sinatra per i 110 anni dalla nascita, che si terr\u00e0 domenica 26 ottobre, all\u2019Auditorium Rai di Torino, con ospite speciale, il cantante e attore Gianluca Guidi, figlio di Johnny Dorelli e Lauretta Masiero, accompagnato dall\u2019Orchestra Sinfonica della Rai.<\/p>\n<p>Luned\u00ec 27 ottobre inizier\u00e0 il segmento pi\u00f9 sociale della rassegna musicale con \u201cAspettando il Festival\u201d, che propone numerosi appuntamenti. Di particolare valore la sezione \u201cJazz che cura\u201d con concerti alla Fondazione Casa Fossati, alla Comunit\u00e0 Il Porto e soprattutto nella Residenza per Anziani Ville Roddolo, di via Petrarca. Ci sar\u00e0 anche l\u2019appuntamento \u201cMoncalieri Jazz incontra l\u2019autismo\u201d con performance del Circle Activities.<\/p>\n<p>Il programma completo sul sito <strong>www.moncalierijazz.com<\/strong>\u00a0e su tutte le edizioni del settimanale<strong> il Mercoledi<\/strong><\/p>\n","protected":false},"excerpt":{"rendered":"","protected":false},"author":6,"featured_media":77131,"comment_status":"open","ping_status":"closed","sticky":false,"template":"","format":"standard","meta":[],"categories":[9],"tags":[763],"news-destination":[],"news-source":[],"is_homepage":[581],"ta_other":[],"_links":{"self":[{"href":"https:\/\/www.ilmercoledi.news\/ilmercoledi\/news\/wp-json\/wp\/v2\/posts\/77132"}],"collection":[{"href":"https:\/\/www.ilmercoledi.news\/ilmercoledi\/news\/wp-json\/wp\/v2\/posts"}],"about":[{"href":"https:\/\/www.ilmercoledi.news\/ilmercoledi\/news\/wp-json\/wp\/v2\/types\/post"}],"author":[{"embeddable":true,"href":"https:\/\/www.ilmercoledi.news\/ilmercoledi\/news\/wp-json\/wp\/v2\/users\/6"}],"replies":[{"embeddable":true,"href":"https:\/\/www.ilmercoledi.news\/ilmercoledi\/news\/wp-json\/wp\/v2\/comments?post=77132"}],"version-history":[{"count":2,"href":"https:\/\/www.ilmercoledi.news\/ilmercoledi\/news\/wp-json\/wp\/v2\/posts\/77132\/revisions"}],"predecessor-version":[{"id":77134,"href":"https:\/\/www.ilmercoledi.news\/ilmercoledi\/news\/wp-json\/wp\/v2\/posts\/77132\/revisions\/77134"}],"wp:featuredmedia":[{"embeddable":true,"href":"https:\/\/www.ilmercoledi.news\/ilmercoledi\/news\/wp-json\/wp\/v2\/media\/77131"}],"wp:attachment":[{"href":"https:\/\/www.ilmercoledi.news\/ilmercoledi\/news\/wp-json\/wp\/v2\/media?parent=77132"}],"wp:term":[{"taxonomy":"category","embeddable":true,"href":"https:\/\/www.ilmercoledi.news\/ilmercoledi\/news\/wp-json\/wp\/v2\/categories?post=77132"},{"taxonomy":"post_tag","embeddable":true,"href":"https:\/\/www.ilmercoledi.news\/ilmercoledi\/news\/wp-json\/wp\/v2\/tags?post=77132"},{"taxonomy":"news-destination","embeddable":true,"href":"https:\/\/www.ilmercoledi.news\/ilmercoledi\/news\/wp-json\/wp\/v2\/news-destination?post=77132"},{"taxonomy":"news-source","embeddable":true,"href":"https:\/\/www.ilmercoledi.news\/ilmercoledi\/news\/wp-json\/wp\/v2\/news-source?post=77132"},{"taxonomy":"is_homepage","embeddable":true,"href":"https:\/\/www.ilmercoledi.news\/ilmercoledi\/news\/wp-json\/wp\/v2\/is_homepage?post=77132"},{"taxonomy":"ta_other","embeddable":true,"href":"https:\/\/www.ilmercoledi.news\/ilmercoledi\/news\/wp-json\/wp\/v2\/ta_other?post=77132"}],"curies":[{"name":"wp","href":"https:\/\/api.w.org\/{rel}","templated":true}]}}