{"id":77181,"date":"2025-10-20T06:33:53","date_gmt":"2025-10-20T04:33:53","guid":{"rendered":"https:\/\/euwps05.newsmemory.com\/ilmercoledi\/news\/2025\/10\/20\/carmagnola-sono-146-ragazzi-che-potranno-fare-sport-con-il-buono-del-comune\/"},"modified":"2025-10-20T06:36:36","modified_gmt":"2025-10-20T04:36:36","slug":"carmagnola-sono-146-ragazzi-che-potranno-fare-sport-con-il-buono-del-comune","status":"publish","type":"post","link":"https:\/\/www.ilmercoledi.news\/2025\/10\/20\/carmagnola-sono-146-ragazzi-che-potranno-fare-sport-con-il-buono-del-comune\/","title":{"rendered":"CARMAGNOLA &#8211; Sono 146 i ragazzi che potranno fare sport con il buono del Comune"},"content":{"rendered":"<p>Buono Sport 2025-2026: 146 ragazzi carmagnolesi potranno fare sport anche grazie al contributo comunale<\/p>\n<p>Ideato e promosso dall\u2019attuale Amministrazione comunale con l\u2019intento di fornire un sostegno concreto ai cittadini che, in particolari momenti, non dispongono di tutte le risorse necessarie per consentire ai propri figli di praticare un\u2019attivit\u00e0 sportiva, il progetto \u201cBuono Sport\u201d \u00e8 cresciuto di anno in anno, diventando una delle iniziative pi\u00f9 significative in ambito sociale e giovanile a Carmagnola.<\/p>\n<p>&nbsp;<\/p>\n<p>Dal 2017 \u2013 anno della sua prima edizione \u2013 ad oggi, il Buono Sport ha permesso a oltre 1.200 bambini e ragazzi di accedere a corsi e attivit\u00e0 sportive presso le associazioni del territorio a condizioni economiche fortemente agevolate, favorendo cos\u00ec non solo la salute fisica ma anche la socializzazione e la crescita personale.<\/p>\n<p>&nbsp;<\/p>\n<p>Per la stagione 2025-2026, tutte le istanze pervenute entro la scadenza del bando \u2013 riservato alle famiglie con un indicatore ISEE non superiore a 8.500 euro \u2013 sono state positivamente accolte e inserite in graduatoria.<\/p>\n<p>&nbsp;<\/p>\n<p>In totale, sono 146 i giovani beneficiari: 110 frequentano la scuola primaria o secondaria di primo grado, mentre 36 sono studenti delle scuole superiori.<\/p>\n<p>&nbsp;<\/p>\n<p>Le discipline sportive prescelte sono sedici e coinvolgono 22 associazioni carmagnolesi.<\/p>\n<p>&nbsp;<\/p>\n<p>A commento dei risultati, l\u2019Assessore allo Sport Massimiliano Pampaloni dichiara:<\/p>\n<p>\u201cPer l\u2019ottavo anno consecutivo abbiamo deciso di sostenere le famiglie che affrontano un momento di difficolt\u00e0, stanziando i fondi necessari affinch\u00e9 nessun bambino o ragazzo rimanesse escluso dalla pratica sportiva. \u00c8 un segnale concreto dell\u2019impegno con cui l\u2019Amministrazione crede nel valore educativo e sociale dello sport organizzato e professionale. Come sempre, un grande ringraziamento va alle associazioni sportive del territorio, che con la loro partecipazione hanno dimostrato ancora una volta grande sensibilit\u00e0 e attenzione all\u2019aspetto sociale dello sport\u201d.<\/p>\n","protected":false},"excerpt":{"rendered":"","protected":false},"author":11,"featured_media":17297,"comment_status":"open","ping_status":"closed","sticky":false,"template":"","format":"standard","meta":[],"categories":[34],"tags":[],"news-destination":[],"news-source":[],"is_homepage":[581],"ta_other":[],"_links":{"self":[{"href":"https:\/\/www.ilmercoledi.news\/ilmercoledi\/news\/wp-json\/wp\/v2\/posts\/77181"}],"collection":[{"href":"https:\/\/www.ilmercoledi.news\/ilmercoledi\/news\/wp-json\/wp\/v2\/posts"}],"about":[{"href":"https:\/\/www.ilmercoledi.news\/ilmercoledi\/news\/wp-json\/wp\/v2\/types\/post"}],"author":[{"embeddable":true,"href":"https:\/\/www.ilmercoledi.news\/ilmercoledi\/news\/wp-json\/wp\/v2\/users\/11"}],"replies":[{"embeddable":true,"href":"https:\/\/www.ilmercoledi.news\/ilmercoledi\/news\/wp-json\/wp\/v2\/comments?post=77181"}],"version-history":[{"count":0,"href":"https:\/\/www.ilmercoledi.news\/ilmercoledi\/news\/wp-json\/wp\/v2\/posts\/77181\/revisions"}],"wp:featuredmedia":[{"embeddable":true,"href":"https:\/\/www.ilmercoledi.news\/ilmercoledi\/news\/wp-json\/wp\/v2\/media\/17297"}],"wp:attachment":[{"href":"https:\/\/www.ilmercoledi.news\/ilmercoledi\/news\/wp-json\/wp\/v2\/media?parent=77181"}],"wp:term":[{"taxonomy":"category","embeddable":true,"href":"https:\/\/www.ilmercoledi.news\/ilmercoledi\/news\/wp-json\/wp\/v2\/categories?post=77181"},{"taxonomy":"post_tag","embeddable":true,"href":"https:\/\/www.ilmercoledi.news\/ilmercoledi\/news\/wp-json\/wp\/v2\/tags?post=77181"},{"taxonomy":"news-destination","embeddable":true,"href":"https:\/\/www.ilmercoledi.news\/ilmercoledi\/news\/wp-json\/wp\/v2\/news-destination?post=77181"},{"taxonomy":"news-source","embeddable":true,"href":"https:\/\/www.ilmercoledi.news\/ilmercoledi\/news\/wp-json\/wp\/v2\/news-source?post=77181"},{"taxonomy":"is_homepage","embeddable":true,"href":"https:\/\/www.ilmercoledi.news\/ilmercoledi\/news\/wp-json\/wp\/v2\/is_homepage?post=77181"},{"taxonomy":"ta_other","embeddable":true,"href":"https:\/\/www.ilmercoledi.news\/ilmercoledi\/news\/wp-json\/wp\/v2\/ta_other?post=77181"}],"curies":[{"name":"wp","href":"https:\/\/api.w.org\/{rel}","templated":true}]}}