{"id":77216,"date":"2025-10-21T10:36:36","date_gmt":"2025-10-21T08:36:36","guid":{"rendered":"https:\/\/euwps05.newsmemory.com\/ilmercoledi\/news\/2025\/10\/21\/capitale-del-libro-2026-venerdi-24-ottobre-la-proclamazione-carmagnola-e-tra-5-comuni-finalisti\/"},"modified":"2025-10-21T11:03:19","modified_gmt":"2025-10-21T09:03:19","slug":"capitale-del-libro-2026-venerdi-24-ottobre-la-proclamazione-carmagnola-e-tra-5-comuni-finalisti","status":"publish","type":"post","link":"https:\/\/www.ilmercoledi.news\/2025\/10\/21\/capitale-del-libro-2026-venerdi-24-ottobre-la-proclamazione-carmagnola-e-tra-5-comuni-finalisti\/","title":{"rendered":"Capitale del Libro 2026: venerd\u00ec 24 ottobre la proclamazione. Carmagnola \u00e8 tra i 5 comuni finalisti"},"content":{"rendered":"<p>Ci siamo, il nome della Capitale del Libro 2026 si conoscer\u00e0 <strong>venerd\u00ec 24 ottobre<\/strong>: sar\u00e0 il ministro della Cultura <strong>Alessandro Giuli<\/strong> a comunicarlo nel corso della cerimonia che si terr\u00e0 <strong>alle 11.30 a Roma<\/strong> \u2013 nella Sala della Crociera del Collegio Romano \u2013 alla presenza della Giuria di esperti che hanno valutato i dossier, e con la partecipazione dei cinque Comuni finalisti: <strong>Carmagnola\u00a0<\/strong>(Torino): \u201cIdentit\u00e0, libri e territorio\u201d <strong>Perugia<\/strong>: \u201cGocce. L\u2019acqua si fa voce\u201d <strong>Pistoia<\/strong>: \u201cPistoia: l&#8217;avventura del leggere, il coraggio di costruire il futuro\u201d <strong>Nard\u00f2\u00a0<\/strong>(Lecce): \u201cNard\u00f2 Capitale della Lettura Rigenerativa: Territori, Comunit\u00e0, Futuro\u201d <strong>Tito\u00a0<\/strong>(Potenza): \u201cUna lettura che rigenera. Tito 2026, tra identit\u00e0, diversit\u00e0, comunit\u00e0 e futuro\u201d.<\/p>\n<p>Il Comune che si aggiudicher\u00e0 il titolo prestigioso &#8211; e impegnativo &#8211; potr\u00e0 disporre di un plafond di mezzo milione di euro per attuare il programma culturale presentato nel dossier di candidatura.<\/p>\n<p>Come da regolamento, il titolo poi verr\u00e0 formalmente conferito dal Consiglio dei ministri, con propria delibera, dietro proposta del Ministro della Cultura, che recepisce la raccomandazione della Giuria di selezione.<\/p>\n<p>L\u2019iniziativa, promossa dal <strong>Ministero della Cultura<\/strong>, \u201csi inserisce nel pi\u00f9 ampio obiettivo di promuovere la lettura e valorizzare la filiera del libro e dell\u2019editoria, anche al fine di rafforzare la coesione e l\u2019inclusione sociali, nonch\u00e9 lo sviluppo della partecipazione pubblica\u201d.<\/p>\n<p>La cerimonia di venerd\u00ec sar\u00e0 trasmessa in diretta streaming sul canale YouTube del Ministero della Cultura, al link\u00a0<a href=\"https:\/\/www.youtube.com\/live\/PfcEQDAP_tQ\">https:\/\/www.youtube.com\/live\/PfcEQDAP_tQ<\/a>.<\/p>\n<p>&nbsp;<\/p>\n<p><a href=\"https:\/\/www.ilmercoledi.news\/ilmercoledi\/news\/wp-content\/uploads\/sites\/3\/2025\/10\/capitale-libro-appello-al-voto-Carmagnola_v1.png\"><img alt=\"Capitale del Libro 2026: venerd\u00ec 24 ottobre la proclamazione. Carmagnola \u00e8 tra i 5 comuni finalisti\" title=\"Capitale del Libro 2026: venerd\u00ec 24 ottobre la proclamazione. Carmagnola \u00e8 tra i 5 comuni finalisti\" loading=\"lazy\" class=\"wp-image-82944 aligncenter\" src=\"https:\/\/www.ilmercoledi.news\/ilmercoledi\/news\/wp-content\/uploads\/sites\/3\/2025\/10\/capitale-libro-appello-al-voto-Carmagnola_v1.png\" alt=\"\" width=\"467\" height=\"295\" \/><\/a><\/p>\n<p><strong>Il dossier di Carmagnola &#8211;\u00a0\u201cIdentit\u00e0, libri e territorio\u201d.<\/strong><\/p>\n<p>Carmagnola pone al centro della propria candidatura il tema dell\u2019<strong>identit\u00e0: il rapporto\u00a0<\/strong>con i\u00a0<strong>libri e la lettura<\/strong>\u00a0risulta\u00a0<strong>essenziale\u00a0<\/strong>per lo<strong>\u00a0sviluppo\u00a0<\/strong>dell\u2019<strong>identit\u00e0 personale<\/strong>\u00a0e, per estensione, dell\u2019<strong>identit\u00e0 collettiva<\/strong>.<\/p>\n<p>Si tratta di un\u00a0<strong>progetto partecipato<\/strong>\u00a0che ha preso forma a partire da un questionario sulle abitudini di lettura della comunit\u00e0 di Carmagnola e si \u00e8, poi, consolidato in stretta collaborazione con le associazioni locali e con Enti pubblici e privati nazionali e regionali.<\/p>\n<p>Le attivit\u00e0 di promozione e diffusione della lettura proposte nel progetto sono specifiche e prevedono:<\/p>\n<ul>\n<li>la presentazione di<strong>\u00a0quattro libri simbolici<\/strong>\u00a0che diverranno occasione per letture collettive e approfondimenti;<\/li>\n<li>l\u2019iniziativa \u201c<strong>Metti un libro nello stipendio<\/strong>\u201d che permetter\u00e0 di avviare, in via sperimentale, l\u2019erogazione di buoni-libro nello stipendio;<\/li>\n<li>la creazione delle cdd.<strong>\u00a0\u201cfrazioteche\u201d<\/strong>\u00a0per rendere la lettura inclusiva e accessibile anche per i cittadini che vivono pi\u00f9 lontani dal centro;<\/li>\n<li>l\u2019istituzione del\u00a0<strong>Premio Libro d\u2019Artista<\/strong>.<\/li>\n<\/ul>\n<p>Obiettivo del progetto \u00e8 la\u00a0<strong>replicabilit\u00e0 delle iniziative<\/strong>\u00a0proposte, da promuoversi attraverso un piano di comunicazione capillare e innovativo.<\/p>\n<p>(fonte: https:\/\/capitaledellibro.cultura.gov.it\/)<\/p>\n<p>&nbsp;<\/p>\n","protected":false},"excerpt":{"rendered":"","protected":false},"author":4,"featured_media":74643,"comment_status":"open","ping_status":"closed","sticky":false,"template":"","format":"standard","meta":[],"categories":[9],"tags":[],"news-destination":[],"news-source":[],"is_homepage":[581],"ta_other":[],"_links":{"self":[{"href":"https:\/\/www.ilmercoledi.news\/ilmercoledi\/news\/wp-json\/wp\/v2\/posts\/77216"}],"collection":[{"href":"https:\/\/www.ilmercoledi.news\/ilmercoledi\/news\/wp-json\/wp\/v2\/posts"}],"about":[{"href":"https:\/\/www.ilmercoledi.news\/ilmercoledi\/news\/wp-json\/wp\/v2\/types\/post"}],"author":[{"embeddable":true,"href":"https:\/\/www.ilmercoledi.news\/ilmercoledi\/news\/wp-json\/wp\/v2\/users\/4"}],"replies":[{"embeddable":true,"href":"https:\/\/www.ilmercoledi.news\/ilmercoledi\/news\/wp-json\/wp\/v2\/comments?post=77216"}],"version-history":[{"count":3,"href":"https:\/\/www.ilmercoledi.news\/ilmercoledi\/news\/wp-json\/wp\/v2\/posts\/77216\/revisions"}],"predecessor-version":[{"id":77220,"href":"https:\/\/www.ilmercoledi.news\/ilmercoledi\/news\/wp-json\/wp\/v2\/posts\/77216\/revisions\/77220"}],"wp:featuredmedia":[{"embeddable":true,"href":"https:\/\/www.ilmercoledi.news\/ilmercoledi\/news\/wp-json\/wp\/v2\/media\/74643"}],"wp:attachment":[{"href":"https:\/\/www.ilmercoledi.news\/ilmercoledi\/news\/wp-json\/wp\/v2\/media?parent=77216"}],"wp:term":[{"taxonomy":"category","embeddable":true,"href":"https:\/\/www.ilmercoledi.news\/ilmercoledi\/news\/wp-json\/wp\/v2\/categories?post=77216"},{"taxonomy":"post_tag","embeddable":true,"href":"https:\/\/www.ilmercoledi.news\/ilmercoledi\/news\/wp-json\/wp\/v2\/tags?post=77216"},{"taxonomy":"news-destination","embeddable":true,"href":"https:\/\/www.ilmercoledi.news\/ilmercoledi\/news\/wp-json\/wp\/v2\/news-destination?post=77216"},{"taxonomy":"news-source","embeddable":true,"href":"https:\/\/www.ilmercoledi.news\/ilmercoledi\/news\/wp-json\/wp\/v2\/news-source?post=77216"},{"taxonomy":"is_homepage","embeddable":true,"href":"https:\/\/www.ilmercoledi.news\/ilmercoledi\/news\/wp-json\/wp\/v2\/is_homepage?post=77216"},{"taxonomy":"ta_other","embeddable":true,"href":"https:\/\/www.ilmercoledi.news\/ilmercoledi\/news\/wp-json\/wp\/v2\/ta_other?post=77216"}],"curies":[{"name":"wp","href":"https:\/\/api.w.org\/{rel}","templated":true}]}}