{"id":77647,"date":"2025-11-14T15:37:53","date_gmt":"2025-11-14T14:37:53","guid":{"rendered":"https:\/\/euwps05.newsmemory.com\/ilmercoledi\/news\/2025\/11\/14\/carmagnola-venerdi-21-novembre-aperilibro-ragazzi-speciale-con-lo-scrittore-giulio-fabroni\/"},"modified":"2025-11-14T15:39:46","modified_gmt":"2025-11-14T14:39:46","slug":"carmagnola-venerdi-21-novembre-aperilibro-ragazzi-speciale-con-lo-scrittore-giulio-fabroni","status":"publish","type":"post","link":"https:\/\/www.ilmercoledi.news\/2025\/11\/14\/carmagnola-venerdi-21-novembre-aperilibro-ragazzi-speciale-con-lo-scrittore-giulio-fabroni\/","title":{"rendered":"CARMAGNOLA &#8211; Venerd\u00ec 21 novembre \u00abAperilibro ragazzi speciale\u00bb con lo scrittore Giulio Fabroni"},"content":{"rendered":"<p>IL LIBRO<\/p>\n<p>\u201cBitels\u201d<\/p>\n<p>\u00abErano tutti desiderosi di conquistarsi la felicit\u00e0 intessuta in quelle note, In quegli accordi, in quelle armonie, In quello sciocco i\u00e8, i\u00e8 i\u00e8. E invece erano stati imbrogliati. I Bitels non erano n\u00e9 angeli, n\u00e9 d\u00e8i. Erano solo quattro ragazzi\u00bb. Pin\u00f2 \u00e8 un ragazzino come tanti. Abita in periferia, alla montagna del sapone, e del mondo conosce e capisce poco, pochissimo. Ma quando gli capita di sentire una canzone rock and roll, una canzone dei Beatles, qualcosa in lui cambia. E quando sente che i Beatles stanno per tenere un concerto proprio a Roma, i suoi piedi non resistono e lui comincia a correre\u2026 Un libro di avventure, di corse e arrampicamenti, di zuffe e di ruberie. Di pensieri, riflessioni e naturalmente tanta musica e roccherr\u00f2. Alla fine del romanzo una playlist da ascoltare. VINCITORE Premio Rodari 2025 per la categoria Romanzi e racconti. IBBY ITALIA CHOICE 2025 categoria FICTION<\/p>\n<p>L\u2019AUTORE<\/p>\n<p>Giulio Fabroni Diplomato in Cinema nel 2018 presso la Scuola Holden di Torino, nel 2019 entra al corso propedeutico di Sceneggiatura al Centro Sperimentale di Cinematografia a Roma, ed \u00e8 borsista al Master di Scrittura Seriale indetto da Rai Fiction. Nel 2023 \u00e8 l\u2019unico sceneggiatore italiano selezionato per il programma internazionale di writers\u2019 room TFL SeriesLab Talents, che culmina con una presentazione nell\u2019ambito di European Film Market durante la Berlinale 2024. Nel 2021 esce su RaiPlay la serie Nudes, di cui Giulio firma il soggetto (con Emanuela Canonico e Valerio D\u2019Annunzio) e gli ultimi tre episodi, oltre a lavorare come editor sul set a fianco della regista Laura Luchetti. La serata speciale, aperta a tutta la cittadinanza e completamente gratuita, vedr\u00e0 la partecipazione speciale del corpo di ballo di Essenza Danza diretto da Elena Piazza e del triennio musicale dell\u2019Istituto. Avr\u00e0 luogo nell\u2019Aula Magna del IC Carmagnola 1 in Corso Sacchirone 47 alle ore 21:00 ed \u00e8 realizzata con la collaborazione di tutti i docenti e i dirigenti. Per info e prenotazioni 392\/5938504<\/p>\n","protected":false},"excerpt":{"rendered":"","protected":false},"author":10,"featured_media":77646,"comment_status":"open","ping_status":"closed","sticky":false,"template":"","format":"standard","meta":[],"categories":[34,9],"tags":[],"news-destination":[],"news-source":[],"is_homepage":[581],"ta_other":[],"_links":{"self":[{"href":"https:\/\/www.ilmercoledi.news\/ilmercoledi\/news\/wp-json\/wp\/v2\/posts\/77647"}],"collection":[{"href":"https:\/\/www.ilmercoledi.news\/ilmercoledi\/news\/wp-json\/wp\/v2\/posts"}],"about":[{"href":"https:\/\/www.ilmercoledi.news\/ilmercoledi\/news\/wp-json\/wp\/v2\/types\/post"}],"author":[{"embeddable":true,"href":"https:\/\/www.ilmercoledi.news\/ilmercoledi\/news\/wp-json\/wp\/v2\/users\/10"}],"replies":[{"embeddable":true,"href":"https:\/\/www.ilmercoledi.news\/ilmercoledi\/news\/wp-json\/wp\/v2\/comments?post=77647"}],"version-history":[{"count":0,"href":"https:\/\/www.ilmercoledi.news\/ilmercoledi\/news\/wp-json\/wp\/v2\/posts\/77647\/revisions"}],"wp:featuredmedia":[{"embeddable":true,"href":"https:\/\/www.ilmercoledi.news\/ilmercoledi\/news\/wp-json\/wp\/v2\/media\/77646"}],"wp:attachment":[{"href":"https:\/\/www.ilmercoledi.news\/ilmercoledi\/news\/wp-json\/wp\/v2\/media?parent=77647"}],"wp:term":[{"taxonomy":"category","embeddable":true,"href":"https:\/\/www.ilmercoledi.news\/ilmercoledi\/news\/wp-json\/wp\/v2\/categories?post=77647"},{"taxonomy":"post_tag","embeddable":true,"href":"https:\/\/www.ilmercoledi.news\/ilmercoledi\/news\/wp-json\/wp\/v2\/tags?post=77647"},{"taxonomy":"news-destination","embeddable":true,"href":"https:\/\/www.ilmercoledi.news\/ilmercoledi\/news\/wp-json\/wp\/v2\/news-destination?post=77647"},{"taxonomy":"news-source","embeddable":true,"href":"https:\/\/www.ilmercoledi.news\/ilmercoledi\/news\/wp-json\/wp\/v2\/news-source?post=77647"},{"taxonomy":"is_homepage","embeddable":true,"href":"https:\/\/www.ilmercoledi.news\/ilmercoledi\/news\/wp-json\/wp\/v2\/is_homepage?post=77647"},{"taxonomy":"ta_other","embeddable":true,"href":"https:\/\/www.ilmercoledi.news\/ilmercoledi\/news\/wp-json\/wp\/v2\/ta_other?post=77647"}],"curies":[{"name":"wp","href":"https:\/\/api.w.org\/{rel}","templated":true}]}}