{"id":77681,"date":"2025-11-18T06:54:23","date_gmt":"2025-11-18T05:54:23","guid":{"rendered":"https:\/\/euwps05.newsmemory.com\/ilmercoledi\/news\/2025\/11\/18\/moncalieri-nuova-edizione-del-premio-gianmaria-testa\/"},"modified":"2025-11-18T06:55:45","modified_gmt":"2025-11-18T05:55:45","slug":"moncalieri-nuova-edizione-del-premio-gianmaria-testa","status":"publish","type":"post","link":"https:\/\/www.ilmercoledi.news\/2025\/11\/18\/moncalieri-nuova-edizione-del-premio-gianmaria-testa\/","title":{"rendered":"MONCALIERI &#8211; Nuova edizione del premio Gianmaria Testa"},"content":{"rendered":"<p>Nuova edizione del Premio Gianmaria Testa \u2013 Parole e Musica, promosso dal Comune di Moncalieri e organizzato dal Comitato Moncalieri Cultura e da Produzioni Fuorivia, celebra l\u2019eredit\u00e0 artistica di Gianmaria Testa, cantautore e poeta di fama internazionale. Il Premio \u00e8 rivolto a cantautori under 38 di ogni nazionalit\u00e0, invitati a presentare fino a un massimo di due brani originali (inediti o pubblicati da meno di sei mesi).<\/p>\n<p>&nbsp;<\/p>\n<p>I cinque finalisti, selezionati da una giuria d\u2019eccezione, si esibiranno dal vivo il 9 marzo 2026 alle Fonderie Teatrali Limone di Moncalieri, interpretando i propri brani e omaggiando Testa con l\u2019esecuzione di una sua canzone in una serata speciale nella quale di esibir\u00e0 anche un importante artista del panorama musicale contemporaneo che sar\u00e0 comunicato in seguito..<\/p>\n<p>&nbsp;<\/p>\n<p>Il vincitore assoluto del Premio ricever\u00e0 un premio di 1.500 euro, una targa, un diploma e la possibilit\u00e0 di esibirsi in prestigiose rassegne musicali piemontesi. \u00c8 previsto anche un premio speciale di 800 euro per la miglior performance live.<\/p>\n","protected":false},"excerpt":{"rendered":"","protected":false},"author":11,"featured_media":6113,"comment_status":"open","ping_status":"closed","sticky":false,"template":"","format":"standard","meta":[],"categories":[34],"tags":[],"news-destination":[],"news-source":[],"is_homepage":[581],"ta_other":[],"_links":{"self":[{"href":"https:\/\/www.ilmercoledi.news\/ilmercoledi\/news\/wp-json\/wp\/v2\/posts\/77681"}],"collection":[{"href":"https:\/\/www.ilmercoledi.news\/ilmercoledi\/news\/wp-json\/wp\/v2\/posts"}],"about":[{"href":"https:\/\/www.ilmercoledi.news\/ilmercoledi\/news\/wp-json\/wp\/v2\/types\/post"}],"author":[{"embeddable":true,"href":"https:\/\/www.ilmercoledi.news\/ilmercoledi\/news\/wp-json\/wp\/v2\/users\/11"}],"replies":[{"embeddable":true,"href":"https:\/\/www.ilmercoledi.news\/ilmercoledi\/news\/wp-json\/wp\/v2\/comments?post=77681"}],"version-history":[{"count":0,"href":"https:\/\/www.ilmercoledi.news\/ilmercoledi\/news\/wp-json\/wp\/v2\/posts\/77681\/revisions"}],"wp:featuredmedia":[{"embeddable":true,"href":"https:\/\/www.ilmercoledi.news\/ilmercoledi\/news\/wp-json\/wp\/v2\/media\/6113"}],"wp:attachment":[{"href":"https:\/\/www.ilmercoledi.news\/ilmercoledi\/news\/wp-json\/wp\/v2\/media?parent=77681"}],"wp:term":[{"taxonomy":"category","embeddable":true,"href":"https:\/\/www.ilmercoledi.news\/ilmercoledi\/news\/wp-json\/wp\/v2\/categories?post=77681"},{"taxonomy":"post_tag","embeddable":true,"href":"https:\/\/www.ilmercoledi.news\/ilmercoledi\/news\/wp-json\/wp\/v2\/tags?post=77681"},{"taxonomy":"news-destination","embeddable":true,"href":"https:\/\/www.ilmercoledi.news\/ilmercoledi\/news\/wp-json\/wp\/v2\/news-destination?post=77681"},{"taxonomy":"news-source","embeddable":true,"href":"https:\/\/www.ilmercoledi.news\/ilmercoledi\/news\/wp-json\/wp\/v2\/news-source?post=77681"},{"taxonomy":"is_homepage","embeddable":true,"href":"https:\/\/www.ilmercoledi.news\/ilmercoledi\/news\/wp-json\/wp\/v2\/is_homepage?post=77681"},{"taxonomy":"ta_other","embeddable":true,"href":"https:\/\/www.ilmercoledi.news\/ilmercoledi\/news\/wp-json\/wp\/v2\/ta_other?post=77681"}],"curies":[{"name":"wp","href":"https:\/\/api.w.org\/{rel}","templated":true}]}}