{"id":77823,"date":"2025-11-27T09:11:28","date_gmt":"2025-11-27T08:11:28","guid":{"rendered":"https:\/\/euwps05.newsmemory.com\/ilmercoledi\/news\/2025\/11\/27\/cambiano-alla-casa-della-salute-ce-posto-per-un-altro-medico\/"},"modified":"2025-11-27T09:12:10","modified_gmt":"2025-11-27T08:12:10","slug":"cambiano-alla-casa-della-salute-ce-posto-per-un-altro-medico","status":"publish","type":"post","link":"https:\/\/www.ilmercoledi.news\/2025\/11\/27\/cambiano-alla-casa-della-salute-ce-posto-per-un-altro-medico\/","title":{"rendered":"CAMBIANO &#8211; Alla Casa della Salute c&#8217;\u00e8 posto per un altro medico"},"content":{"rendered":"<p>Alla Casa della Salute di via Mosso c&#8217;\u00e8 posto per un altro medico, motivo per cui il Comune si \u00e8 attivato per acquisire manifestazioni di interesse relativamente all&#8217;assegnazione dell&#8217;ambulatorio presso la struttura. Il locale ovviamente \u00e8 gi\u00e0 adibito a studio medico, per medici specialisti e addetti alle professioni Sanitarie, purch\u00e9 iscritti ai rispettivi albi professionali. E&#8217; ubicato in Cambiano, al piano primo, lato via Cavour, nell&#8217;edificio in cui \u00e8 operativa la Casa della Salute. L\u2019unit\u00e0 immobiliare verr\u00e0 assegnata nello stato di fatto e di diritto in cui si trova, con tutti i diritti, azioni e obblighi spettanti al Comune di Cambiano. \u00c8 provvista di attrezzature, arredi, servizi igienici e sala d&#8217;attesa ad uso non esclusivo e ascensore. All\u2019interno \u00e8 vietato lo svolgimento di attivit\u00e0 che non sia quella medica o di assistenza primaria. \u201cLa concessione avr\u00e0 durata di un anno, con pagamento anticipato semestrale, in rapporto al numero di ore concesse, fino alla scadenza della convenzione con la Casa della Salute. Il recesso potr\u00e0 avvenire in qualsiasi momento, fermo restando il pagamento del canone per l\u2019intero semestre in corso e non ci sar\u00e0 alcun rimborso per il periodo non usufruito\u201d spiegano dal Comune.<\/p>\n","protected":false},"excerpt":{"rendered":"","protected":false},"author":10,"featured_media":77822,"comment_status":"open","ping_status":"closed","sticky":false,"template":"","format":"standard","meta":[],"categories":[34],"tags":[],"news-destination":[],"news-source":[],"is_homepage":[],"ta_other":[],"_links":{"self":[{"href":"https:\/\/www.ilmercoledi.news\/ilmercoledi\/news\/wp-json\/wp\/v2\/posts\/77823"}],"collection":[{"href":"https:\/\/www.ilmercoledi.news\/ilmercoledi\/news\/wp-json\/wp\/v2\/posts"}],"about":[{"href":"https:\/\/www.ilmercoledi.news\/ilmercoledi\/news\/wp-json\/wp\/v2\/types\/post"}],"author":[{"embeddable":true,"href":"https:\/\/www.ilmercoledi.news\/ilmercoledi\/news\/wp-json\/wp\/v2\/users\/10"}],"replies":[{"embeddable":true,"href":"https:\/\/www.ilmercoledi.news\/ilmercoledi\/news\/wp-json\/wp\/v2\/comments?post=77823"}],"version-history":[{"count":0,"href":"https:\/\/www.ilmercoledi.news\/ilmercoledi\/news\/wp-json\/wp\/v2\/posts\/77823\/revisions"}],"wp:featuredmedia":[{"embeddable":true,"href":"https:\/\/www.ilmercoledi.news\/ilmercoledi\/news\/wp-json\/wp\/v2\/media\/77822"}],"wp:attachment":[{"href":"https:\/\/www.ilmercoledi.news\/ilmercoledi\/news\/wp-json\/wp\/v2\/media?parent=77823"}],"wp:term":[{"taxonomy":"category","embeddable":true,"href":"https:\/\/www.ilmercoledi.news\/ilmercoledi\/news\/wp-json\/wp\/v2\/categories?post=77823"},{"taxonomy":"post_tag","embeddable":true,"href":"https:\/\/www.ilmercoledi.news\/ilmercoledi\/news\/wp-json\/wp\/v2\/tags?post=77823"},{"taxonomy":"news-destination","embeddable":true,"href":"https:\/\/www.ilmercoledi.news\/ilmercoledi\/news\/wp-json\/wp\/v2\/news-destination?post=77823"},{"taxonomy":"news-source","embeddable":true,"href":"https:\/\/www.ilmercoledi.news\/ilmercoledi\/news\/wp-json\/wp\/v2\/news-source?post=77823"},{"taxonomy":"is_homepage","embeddable":true,"href":"https:\/\/www.ilmercoledi.news\/ilmercoledi\/news\/wp-json\/wp\/v2\/is_homepage?post=77823"},{"taxonomy":"ta_other","embeddable":true,"href":"https:\/\/www.ilmercoledi.news\/ilmercoledi\/news\/wp-json\/wp\/v2\/ta_other?post=77823"}],"curies":[{"name":"wp","href":"https:\/\/api.w.org\/{rel}","templated":true}]}}