{"id":78030,"date":"2025-12-06T12:17:53","date_gmt":"2025-12-06T11:17:53","guid":{"rendered":"https:\/\/euwps05.newsmemory.com\/ilmercoledi\/news\/2025\/12\/06\/carmagnola-tragedia-via-poirino-motociclista-muore-un-incidente\/"},"modified":"2025-12-09T20:22:43","modified_gmt":"2025-12-09T19:22:43","slug":"carmagnola-tragedia-via-poirino-motociclista-muore-un-incidente","status":"publish","type":"post","link":"https:\/\/www.ilmercoledi.news\/2025\/12\/06\/carmagnola-tragedia-via-poirino-motociclista-muore-un-incidente\/","title":{"rendered":"CARMAGNOLA &#8211; Tragedia in via Poirino, motociclista muore in un incidente"},"content":{"rendered":"<p>Tragedia intorno alle 10.14 a Carmagnola, in via Poirino dove si \u00e8 verificato un incidente stradale che ha coinvolto un motociclista. Il motociclista \u00e8 deceduto. Sul posto \u00e8 intervenuta l&#8217;ambulanza di soccorso avanzato, ma non c&#8217;\u00e8 stato nulla da fare. Secondo le prime ricostruzioni, l&#8217;incidente \u00e8 autonomo. Il motociclista si \u00e8 scontrato contro un palo. La vittima \u00e8 un uomo di 58 anni.<\/p>\n","protected":false},"excerpt":{"rendered":"","protected":false},"author":11,"featured_media":78031,"comment_status":"open","ping_status":"closed","sticky":false,"template":"","format":"standard","meta":[],"categories":[34],"tags":[],"news-destination":[],"news-source":[],"is_homepage":[581],"ta_other":[],"_links":{"self":[{"href":"https:\/\/www.ilmercoledi.news\/ilmercoledi\/news\/wp-json\/wp\/v2\/posts\/78030"}],"collection":[{"href":"https:\/\/www.ilmercoledi.news\/ilmercoledi\/news\/wp-json\/wp\/v2\/posts"}],"about":[{"href":"https:\/\/www.ilmercoledi.news\/ilmercoledi\/news\/wp-json\/wp\/v2\/types\/post"}],"author":[{"embeddable":true,"href":"https:\/\/www.ilmercoledi.news\/ilmercoledi\/news\/wp-json\/wp\/v2\/users\/11"}],"replies":[{"embeddable":true,"href":"https:\/\/www.ilmercoledi.news\/ilmercoledi\/news\/wp-json\/wp\/v2\/comments?post=78030"}],"version-history":[{"count":1,"href":"https:\/\/www.ilmercoledi.news\/ilmercoledi\/news\/wp-json\/wp\/v2\/posts\/78030\/revisions"}],"predecessor-version":[{"id":78032,"href":"https:\/\/www.ilmercoledi.news\/ilmercoledi\/news\/wp-json\/wp\/v2\/posts\/78030\/revisions\/78032"}],"wp:featuredmedia":[{"embeddable":true,"href":"https:\/\/www.ilmercoledi.news\/ilmercoledi\/news\/wp-json\/wp\/v2\/media\/78031"}],"wp:attachment":[{"href":"https:\/\/www.ilmercoledi.news\/ilmercoledi\/news\/wp-json\/wp\/v2\/media?parent=78030"}],"wp:term":[{"taxonomy":"category","embeddable":true,"href":"https:\/\/www.ilmercoledi.news\/ilmercoledi\/news\/wp-json\/wp\/v2\/categories?post=78030"},{"taxonomy":"post_tag","embeddable":true,"href":"https:\/\/www.ilmercoledi.news\/ilmercoledi\/news\/wp-json\/wp\/v2\/tags?post=78030"},{"taxonomy":"news-destination","embeddable":true,"href":"https:\/\/www.ilmercoledi.news\/ilmercoledi\/news\/wp-json\/wp\/v2\/news-destination?post=78030"},{"taxonomy":"news-source","embeddable":true,"href":"https:\/\/www.ilmercoledi.news\/ilmercoledi\/news\/wp-json\/wp\/v2\/news-source?post=78030"},{"taxonomy":"is_homepage","embeddable":true,"href":"https:\/\/www.ilmercoledi.news\/ilmercoledi\/news\/wp-json\/wp\/v2\/is_homepage?post=78030"},{"taxonomy":"ta_other","embeddable":true,"href":"https:\/\/www.ilmercoledi.news\/ilmercoledi\/news\/wp-json\/wp\/v2\/ta_other?post=78030"}],"curies":[{"name":"wp","href":"https:\/\/api.w.org\/{rel}","templated":true}]}}