{"id":78168,"date":"2025-12-14T15:59:16","date_gmt":"2025-12-14T14:59:16","guid":{"rendered":"https:\/\/euwps06.newsmemory.com\/ilmercoledi\/news\/2025\/12\/14\/carmagnola-grande-risposta-di-solidarieta-oltre-le-aspettative-la-raccolta-delle-scatole-solidali\/"},"modified":"2025-12-14T15:59:19","modified_gmt":"2025-07-17T15:59:19","slug":"carmagnola-grande-risposta-di-solidarieta-oltre-le-aspettative-la-raccolta-delle-scatole-solidali","status":"publish","type":"post","link":"https:\/\/www.ilmercoledi.news\/2025\/12\/14\/carmagnola-grande-risposta-di-solidarieta-oltre-le-aspettative-la-raccolta-delle-scatole-solidali\/","title":{"rendered":"CARMAGNOLA: grande risposta di solidariet\u00e0: oltre le aspettative la raccolta delle Scatole \u00abSolidali\u00bb"},"content":{"rendered":"<p align=\"JUSTIFY\">Si \u00e8 conclusa con una straordinaria partecipazione della cittadinanza la raccolta delle <b>Scatole Solidali<\/b> a Carmagnola, culminata nella serata <b>\u201c<\/b><b>L\u2019<\/b><b>Essenza del Natale 2025<\/b><b>\u201d<\/b>, evento che ha rappresentato il momento simbolico di chiusura del progetto e di restituzione alla comunit\u00e0.<\/p>\n<p lang=\"it-IT\" align=\"JUSTIFY\">L\u2019iniziativa, promossa dal Gruppo di lettura Carmagnola con il supporto del Comune di Carmagnola, ha saputo unire generosit\u00e0, attenzione verso il prossimo e spirito comunitario. Centinaia di scatole colorate, preparate con cura e colme di oggetti utili, sono state donate a persone e famiglie in difficolt\u00e0 del territorio, trasformando un gesto semplice in un concreto segno di vicinanza.<\/p>\n<p lang=\"it-IT\" align=\"JUSTIFY\">Inserita nel percorso delle iniziative natalizie cittadine \u201cTracce di luce\u201d, la raccolta ha coinvolto scuole, famiglie, associazioni e singoli cittadini con un obiettivo chiaro: offrire non solo beni materiali, ma anche calore umano e un messaggio di speranza.<\/p>\n<p lang=\"it-IT\" align=\"JUSTIFY\"><b>Un dono che vale doppio<\/b><\/p>\n<p lang=\"it-IT\" align=\"JUSTIFY\">Ogni scatola, preparata seguendo semplici indicazioni condivise, conteneva esclusivamente oggetti nuovi: qualcosa di caldo, qualcosa di goloso, un libro, un prodotto per la cura personale e un biglietto con un pensiero gentile. Un insieme di attenzioni pensato per far sentire chi riceve il dono accolto e parte della comunit\u00e0.<\/p>\n<p lang=\"it-IT\" align=\"JUSTIFY\">Il valore dell\u2019iniziativa non si misura soltanto nel numero delle scatole raccolte, ma soprattutto nel messaggio che esse portano con s\u00e9: la solidariet\u00e0 pu\u00f2 essere concreta, quotidiana e alla portata di tutti.<\/p>\n<p lang=\"it-IT\" align=\"JUSTIFY\"><b>Il lavoro di rete sul territorio<\/b><\/p>\n<p lang=\"it-IT\" align=\"JUSTIFY\">Fondamentale \u00e8 stato il coordinamento tra associazioni promotrici e volontari, che hanno curato la raccolta e la successiva distribuzione delle scatole attraverso i servizi di assistenza attivi sul territorio. Le donazioni sono state destinate al <b>Centro di Ascolto <\/b><b>\u201c<\/b><b>Il Samaritano<\/b><b>\u201d<\/b>, a <b>Casa Roberta<\/b>, alla <b>Caritas Parrocchiale di Racconigi<\/b> e a <b>Casa Frisco<\/b>, riuscendo a coprire le necessit\u00e0 di due diverse citt\u00e0 e province.<\/p>\n<p lang=\"it-IT\" align=\"JUSTIFY\"><b>Il coinvolgimento delle scuole<\/b><\/p>\n<p lang=\"it-IT\" align=\"JUSTIFY\">Particolarmente significativo il coinvolgimento degli studenti, protagonisti attivi del progetto. Hanno partecipato: <b>IC1 Primo Levi<\/b>, <b>IC2 Maria Bordone<\/b>, <b>Scuola primaria plesso San Michele<\/b>, <b>IC2 Carmagnola<\/b>, <b>IISS Baldessano Roccati<\/b>, <b>Arimondi Eula Racconigi<\/b>. Un\u2019esperienza educativa che ha permesso ai pi\u00f9 giovani di sperimentare concretamente i valori della solidariet\u00e0 e della cittadinanza attiva.<\/p>\n<p lang=\"it-IT\" align=\"JUSTIFY\"><b>Ringraziamenti<\/b><\/p>\n<p lang=\"it-IT\" align=\"JUSTIFY\">Un sentito ringraziamento va ad <b>Ascom Carmagnola<\/b> e alle attivit\u00e0 che hanno messo a disposizione i propri spazi come punti di raccolta: <b>Bar Manuela San Giovanni<\/b>, <b>Essenza Danza<\/b>, <b>Libreria Rossetti<\/b> e <b>Piumatti Tuttocasa<\/b>.<\/p>\n<p lang=\"it-IT\" align=\"JUSTIFY\"><b>Uno sguardo al futuro<\/b><\/p>\n<p lang=\"it-IT\" align=\"JUSTIFY\">Il successo dell\u2019iniziativa, celebrato durante la serata <b>\u201c<\/b><b>L\u2019<\/b><b>Essenza del Natale 2025<\/b><b>\u201d<\/b>, conferma quanto Carmagnola sia una citt\u00e0 attenta e sensibile ai temi della solidariet\u00e0. Le <i>Scatole Solidali<\/i> non rappresentano solo un progetto natalizio, ma un esempio concreto di comunit\u00e0 che sa prendersi cura dei propri membri e che potr\u00e0 essere replicato e rafforzato nel tempo.<\/p>\n<p lang=\"it-IT\" align=\"JUSTIFY\">In un periodo in cui il bisogno di attenzione e sostegno \u00e8 sempre pi\u00f9 evidente, Carmagnola ha lanciato un messaggio chiaro: <b>insieme si pu\u00f2 costruire una comunit<\/b><b>\u00e0 pi<\/b><b>\u00f9 solidale e inclusiva<\/b>.<\/p>\n","protected":false},"excerpt":{"rendered":"","protected":false},"author":10,"featured_media":78167,"comment_status":"open","ping_status":"closed","sticky":false,"template":"","format":"standard","meta":[],"categories":[34,289],"tags":[],"news-destination":[],"news-source":[],"is_homepage":[581],"ta_other":[],"_links":{"self":[{"href":"https:\/\/www.ilmercoledi.news\/ilmercoledi\/news\/wp-json\/wp\/v2\/posts\/78168"}],"collection":[{"href":"https:\/\/www.ilmercoledi.news\/ilmercoledi\/news\/wp-json\/wp\/v2\/posts"}],"about":[{"href":"https:\/\/www.ilmercoledi.news\/ilmercoledi\/news\/wp-json\/wp\/v2\/types\/post"}],"author":[{"embeddable":true,"href":"https:\/\/www.ilmercoledi.news\/ilmercoledi\/news\/wp-json\/wp\/v2\/users\/10"}],"replies":[{"embeddable":true,"href":"https:\/\/www.ilmercoledi.news\/ilmercoledi\/news\/wp-json\/wp\/v2\/comments?post=78168"}],"version-history":[{"count":0,"href":"https:\/\/www.ilmercoledi.news\/ilmercoledi\/news\/wp-json\/wp\/v2\/posts\/78168\/revisions"}],"wp:featuredmedia":[{"embeddable":true,"href":"https:\/\/www.ilmercoledi.news\/ilmercoledi\/news\/wp-json\/wp\/v2\/media\/78167"}],"wp:attachment":[{"href":"https:\/\/www.ilmercoledi.news\/ilmercoledi\/news\/wp-json\/wp\/v2\/media?parent=78168"}],"wp:term":[{"taxonomy":"category","embeddable":true,"href":"https:\/\/www.ilmercoledi.news\/ilmercoledi\/news\/wp-json\/wp\/v2\/categories?post=78168"},{"taxonomy":"post_tag","embeddable":true,"href":"https:\/\/www.ilmercoledi.news\/ilmercoledi\/news\/wp-json\/wp\/v2\/tags?post=78168"},{"taxonomy":"news-destination","embeddable":true,"href":"https:\/\/www.ilmercoledi.news\/ilmercoledi\/news\/wp-json\/wp\/v2\/news-destination?post=78168"},{"taxonomy":"news-source","embeddable":true,"href":"https:\/\/www.ilmercoledi.news\/ilmercoledi\/news\/wp-json\/wp\/v2\/news-source?post=78168"},{"taxonomy":"is_homepage","embeddable":true,"href":"https:\/\/www.ilmercoledi.news\/ilmercoledi\/news\/wp-json\/wp\/v2\/is_homepage?post=78168"},{"taxonomy":"ta_other","embeddable":true,"href":"https:\/\/www.ilmercoledi.news\/ilmercoledi\/news\/wp-json\/wp\/v2\/ta_other?post=78168"}],"curies":[{"name":"wp","href":"https:\/\/api.w.org\/{rel}","templated":true}]}}