{"id":78609,"date":"2026-01-07T16:33:08","date_gmt":"2026-01-07T15:33:08","guid":{"rendered":"https:\/\/euwps05.newsmemory.com\/ilmercoledi\/news\/2026\/01\/07\/carmagnola-letti-di-notte-2026-presenta-gli-artisti-per-la-nuova-sigla-ufficiale-gerardo-bergamo-featuring-x-beats\/"},"modified":"2026-01-07T16:42:17","modified_gmt":"2026-01-07T15:42:17","slug":"carmagnola-letti-di-notte-2026-presenta-gli-artisti-per-la-nuova-sigla-ufficiale-gerardo-bergamo-featuring-x-beats","status":"publish","type":"post","link":"https:\/\/www.ilmercoledi.news\/2026\/01\/07\/carmagnola-letti-di-notte-2026-presenta-gli-artisti-per-la-nuova-sigla-ufficiale-gerardo-bergamo-featuring-x-beats\/","title":{"rendered":"CARMAGNOLA &#8211; \u00abLetti di Notte\u00bb 2026 presenta gli artisti per la nuova sigla ufficiale: Gerardo Bergamo featuring X-Beats"},"content":{"rendered":"<p lang=\"en-US\" align=\"JUSTIFY\">Sar\u00e0 una sigla dal forte impatto emotivo e dal sound contemporaneo, reinterpretazione di un celebre brano della musica italiana, ad accompagnare l\u2019edizione 2026 di <b>Letti di Notte Carmagnola<\/b>, il festival dedicato ai libri, alle storie e alla cultura che ogni anno anima la nostra citt\u00e0. La nuova sigla ufficiale \u00e8 interpretata da Gerardo Bergamo, musicista, compositore e insegnante che ha maturato una solida esperienza come tastierista e polistrumentista, collaborando con diverse band e progetti musicali. Nel corso della sua carriera, Gerardo Bergamo si \u00e8 distinto anche nel campo della pre-produzione musicale e della composizione di colonne sonore per spettacoli teatrali, cortometraggi e spot televisivi, sviluppando uno stile personale capace di unire tradizione e innovazione, rigore tecnico ed espressivit\u00e0 narrativa. Una sensibilit\u00e0 artistica che dialoga in modo naturale con l\u2019anima letteraria e notturna di Letti di Notte. Accanto a lui, gli X-Beats, gruppo che fonde magistralmente electro pop, rock e synthwave, dando vita a un sound coinvolgente e vibrante. Il gruppo \u00e8 composto da Enrico Gallo (batteria elettronica), Alberto Santoru (basso e drum machine), Mattia Floris (chitarra e synth) e Martina Decimo (voce)<\/p>\n<p lang=\"en-US\" align=\"JUSTIFY\">La collaborazione tra Gerardo Bergamo e X-Beats d\u00e0 vita a una sigla che va oltre il semplice accompagnamento musicale: sar\u00e0 un vero e proprio racconto sonoro, pensato per evocare l\u2019atmosfera notturna del festival, dove storie, parole e suggestioni si intrecciano come pagine lette sotto le stelle. Un brano capace di parlare a pubblici diversi, unendo profondit\u00e0 espressiva, energia e immediatezza. Il titolo della canzone verr\u00e0 svelato e interpretato dal vivo per la prima volta venerd\u00ec 6 marzo alle ore 21.00, presso l\u2019Auditorium Baldessano Roccati, nel corso della serata \u201cEssenza Donna 2026\u201d. Un\u2019anteprima speciale che unir\u00e0 musica, emozione e racconto, offrendo al pubblico un primo assaggio dell\u2019atmosfera del festival. Con questa scelta artistica, Letti di Notte Carmagnola conferma la propria vocazione alla contaminazione tra linguaggi, valorizzando il dialogo tra letteratura e musica e rafforzando il legame con la creativit\u00e0 contemporanea e con il territorio. La sigla accompagner\u00e0 tutti i materiali ufficiali, gli eventi e le comunicazioni del festival nel corso dell\u2019edizione 2026.<\/p>\n","protected":false},"excerpt":{"rendered":"","protected":false},"author":10,"featured_media":78608,"comment_status":"open","ping_status":"closed","sticky":false,"template":"","format":"standard","meta":[],"categories":[34,9],"tags":[],"news-destination":[],"news-source":[],"is_homepage":[581],"ta_other":[],"_links":{"self":[{"href":"https:\/\/www.ilmercoledi.news\/ilmercoledi\/news\/wp-json\/wp\/v2\/posts\/78609"}],"collection":[{"href":"https:\/\/www.ilmercoledi.news\/ilmercoledi\/news\/wp-json\/wp\/v2\/posts"}],"about":[{"href":"https:\/\/www.ilmercoledi.news\/ilmercoledi\/news\/wp-json\/wp\/v2\/types\/post"}],"author":[{"embeddable":true,"href":"https:\/\/www.ilmercoledi.news\/ilmercoledi\/news\/wp-json\/wp\/v2\/users\/10"}],"replies":[{"embeddable":true,"href":"https:\/\/www.ilmercoledi.news\/ilmercoledi\/news\/wp-json\/wp\/v2\/comments?post=78609"}],"version-history":[{"count":0,"href":"https:\/\/www.ilmercoledi.news\/ilmercoledi\/news\/wp-json\/wp\/v2\/posts\/78609\/revisions"}],"wp:featuredmedia":[{"embeddable":true,"href":"https:\/\/www.ilmercoledi.news\/ilmercoledi\/news\/wp-json\/wp\/v2\/media\/78608"}],"wp:attachment":[{"href":"https:\/\/www.ilmercoledi.news\/ilmercoledi\/news\/wp-json\/wp\/v2\/media?parent=78609"}],"wp:term":[{"taxonomy":"category","embeddable":true,"href":"https:\/\/www.ilmercoledi.news\/ilmercoledi\/news\/wp-json\/wp\/v2\/categories?post=78609"},{"taxonomy":"post_tag","embeddable":true,"href":"https:\/\/www.ilmercoledi.news\/ilmercoledi\/news\/wp-json\/wp\/v2\/tags?post=78609"},{"taxonomy":"news-destination","embeddable":true,"href":"https:\/\/www.ilmercoledi.news\/ilmercoledi\/news\/wp-json\/wp\/v2\/news-destination?post=78609"},{"taxonomy":"news-source","embeddable":true,"href":"https:\/\/www.ilmercoledi.news\/ilmercoledi\/news\/wp-json\/wp\/v2\/news-source?post=78609"},{"taxonomy":"is_homepage","embeddable":true,"href":"https:\/\/www.ilmercoledi.news\/ilmercoledi\/news\/wp-json\/wp\/v2\/is_homepage?post=78609"},{"taxonomy":"ta_other","embeddable":true,"href":"https:\/\/www.ilmercoledi.news\/ilmercoledi\/news\/wp-json\/wp\/v2\/ta_other?post=78609"}],"curies":[{"name":"wp","href":"https:\/\/api.w.org\/{rel}","templated":true}]}}