{"id":78995,"date":"2026-01-30T08:53:44","date_gmt":"2026-01-30T07:53:44","guid":{"rendered":"https:\/\/euwps05.newsmemory.com\/ilmercoledi\/news\/2026\/01\/30\/carmagnola-letti-di-notte-2026-svelato-il-manifesto\/"},"modified":"2026-01-30T10:21:59","modified_gmt":"2026-01-30T09:21:59","slug":"carmagnola-letti-di-notte-2026-svelato-il-manifesto","status":"publish","type":"post","link":"https:\/\/www.ilmercoledi.news\/2026\/01\/30\/carmagnola-letti-di-notte-2026-svelato-il-manifesto\/","title":{"rendered":"CARMAGNOLA &#8211; \u00abLetti di Notte 2026\u00bb: svelato il manifesto"},"content":{"rendered":"<p>\u00c8 Stefano Tambellini a firmare il manifesto di *Letti di Notte 2026*, il Festival letterario pop che si svolge tradizionalmente nel mese di giugno a Carmagnola. Il manifesto \u00e8 stato presentato gioved\u00ec 29 gennaio 2026 durante il primo \u201cAperilibro\u201d dell\u2019anno con oltre duecentocinquanta persone presenti nella sala Antichi Bastioni.<\/p>\n<p>Prosegue cos\u00ec la serie delle affiches d\u2019autore dopo Ramona Iurato (2019), Angelo Ruta (2020), Daniel Cuello (2021), Nicol\u00f2 Canova (2022), Marcella Onzo (2023), Federico Appel (2024) e Alice Coppini, che ha curato l\u2019immagine del festival lo scorso anno.<\/p>\n<p>L\u2019immagine ideata da Tambellini \u00e8 fortemente evocativa: un bambino che legge un libro seduto sulle ali di un pipistrello, sorvolando lo skyline notturno di Carmagnola. Una scena sospesa tra sogno e realt\u00e0, in cui la lettura diventa letteralmente veicolo di viaggio, capace di sollevare chi legge sopra la citt\u00e0 e oltre i confini del quotidiano. La notte, elemento fondante dell\u2019identit\u00e0 del festival, non \u00e8 qui uno spazio oscuro, ma un luogo di possibilit\u00e0, immaginazione e libert\u00e0.<\/p>\n<p>La presenza del pipistrello richiama anche un\u2019immagine letteraria antica e potente. In La tempesta di William Shakespeare, Ariel canta:<\/p>\n<p>\u00abWhere the bee sucks, there suck I;<\/p>\n<p>In a cowslip\u2019s bell I lie;<\/p>\n<p>There I couch when owls do cry;<\/p>\n<p>On the bat\u2019s back I do fly\u00bb<\/p>\n<p>(\u00abL\u00e0 dove l&#8217;ape sugge, io suggo;<\/p>\n<p>nel calice della primula riposo;<\/p>\n<p>l\u00e0 mi corico quando i gufi gridano;<\/p>\n<p>sul dorso del pipistrello io volo\u00bb).<\/p>\n<p>Un volo notturno che diventa metafora di leggerezza, immaginazione e incanto: gli stessi elementi che Tambellini traduce visivamente nel manifesto e che Letti di Notte propone da anni al suo pubblico.<\/p>\n<p>Nato a Barga (Lucca) nel 1983, Stefano Tambellini si \u00e8 formato in Animazione tradizionale presso il Centro Sperimentale di Cinematografia di Torino, per poi trasferirsi a Londra, dove ha iniziato a lavorare come illustratore per l\u2019editoria e l\u2019animazione. Nel 2005 ha<\/p>\n<p>fondato con la sorella Alice l\u2019etichetta di produzioni indipendenti *SenzaTesta*, con cui ha realizzato cortometraggi in stop-motion selezionati e premiati in numerosi festival internazionali.<\/p>\n<p>Illustratore apprezzato in Italia e all\u2019estero, ha pubblicato in Gran Bretagna, Stati Uniti, Francia e Repubblica Ceca. Attualmente vive in Italia e organizza periodicamente laboratori di animazione e costruzione di pupazzi.<\/p>\n<p>Il festival Letti di Notte 2026 si svolger\u00e0 dal 9 al 13 giugno 2026: cinque giorni in cui, come nel manifesto, la lettura torner\u00e0 a essere un\u2019esperienza capace di far volare lettori e lettrici sopra la citt\u00e0, sospesi tra parole, immagini e notte.<\/p>\n","protected":false},"excerpt":{"rendered":"","protected":false},"author":10,"featured_media":78994,"comment_status":"open","ping_status":"closed","sticky":false,"template":"","format":"standard","meta":[],"categories":[34,9],"tags":[],"news-destination":[],"news-source":[],"is_homepage":[581],"ta_other":[],"_links":{"self":[{"href":"https:\/\/www.ilmercoledi.news\/ilmercoledi\/news\/wp-json\/wp\/v2\/posts\/78995"}],"collection":[{"href":"https:\/\/www.ilmercoledi.news\/ilmercoledi\/news\/wp-json\/wp\/v2\/posts"}],"about":[{"href":"https:\/\/www.ilmercoledi.news\/ilmercoledi\/news\/wp-json\/wp\/v2\/types\/post"}],"author":[{"embeddable":true,"href":"https:\/\/www.ilmercoledi.news\/ilmercoledi\/news\/wp-json\/wp\/v2\/users\/10"}],"replies":[{"embeddable":true,"href":"https:\/\/www.ilmercoledi.news\/ilmercoledi\/news\/wp-json\/wp\/v2\/comments?post=78995"}],"version-history":[{"count":1,"href":"https:\/\/www.ilmercoledi.news\/ilmercoledi\/news\/wp-json\/wp\/v2\/posts\/78995\/revisions"}],"predecessor-version":[{"id":79012,"href":"https:\/\/www.ilmercoledi.news\/ilmercoledi\/news\/wp-json\/wp\/v2\/posts\/78995\/revisions\/79012"}],"wp:featuredmedia":[{"embeddable":true,"href":"https:\/\/www.ilmercoledi.news\/ilmercoledi\/news\/wp-json\/wp\/v2\/media\/78994"}],"wp:attachment":[{"href":"https:\/\/www.ilmercoledi.news\/ilmercoledi\/news\/wp-json\/wp\/v2\/media?parent=78995"}],"wp:term":[{"taxonomy":"category","embeddable":true,"href":"https:\/\/www.ilmercoledi.news\/ilmercoledi\/news\/wp-json\/wp\/v2\/categories?post=78995"},{"taxonomy":"post_tag","embeddable":true,"href":"https:\/\/www.ilmercoledi.news\/ilmercoledi\/news\/wp-json\/wp\/v2\/tags?post=78995"},{"taxonomy":"news-destination","embeddable":true,"href":"https:\/\/www.ilmercoledi.news\/ilmercoledi\/news\/wp-json\/wp\/v2\/news-destination?post=78995"},{"taxonomy":"news-source","embeddable":true,"href":"https:\/\/www.ilmercoledi.news\/ilmercoledi\/news\/wp-json\/wp\/v2\/news-source?post=78995"},{"taxonomy":"is_homepage","embeddable":true,"href":"https:\/\/www.ilmercoledi.news\/ilmercoledi\/news\/wp-json\/wp\/v2\/is_homepage?post=78995"},{"taxonomy":"ta_other","embeddable":true,"href":"https:\/\/www.ilmercoledi.news\/ilmercoledi\/news\/wp-json\/wp\/v2\/ta_other?post=78995"}],"curies":[{"name":"wp","href":"https:\/\/api.w.org\/{rel}","templated":true}]}}