{"id":79426,"date":"2026-02-23T07:21:25","date_gmt":"2026-02-23T06:21:25","guid":{"rendered":"https:\/\/euwps06.newsmemory.com\/ilmercoledi\/news\/2026\/02\/23\/vinovo-gli-orari-dellappuntamento-lavora-vinovo\/"},"modified":"2026-02-23T07:21:29","modified_gmt":"2025-09-26T07:21:29","slug":"vinovo-gli-orari-dellappuntamento-lavora-vinovo","status":"publish","type":"post","link":"https:\/\/www.ilmercoledi.news\/2026\/02\/23\/vinovo-gli-orari-dellappuntamento-lavora-vinovo\/","title":{"rendered":"VINOVO &#8211; Gli orari dell&#8217;appuntamento LavOra Vinovo"},"content":{"rendered":"<p>Appuntamento il 27 febbraio alla biblioteca civica di Vinovo per la giornata di recruiting organizzata dal Centro per l\u2019impiego insieme al Comune.di Vinovo, un\u2019opportunit\u00e0 per fare incontrare concretamente aziende che cercano personale e persone in cerca di lavoro<\/p>\n<p>Il Centro per l\u2019impiego di Moncalieri, in collaborazione con il Comune di Vinovo, organizza una nuova edizione, la seconda, di LavORA Vinovo. Anche quest\u2019anno si tratter\u00e0 di un evento di recruiting, pensato per fare incontrare aziende del territorio e persone che cercano occupazione, con il duplice obiettivo di valorizzare il tessuto produttivo locale e promuovere l\u2019occupazione.<\/p>\n<p>LavORA Vinovo si svolger\u00e0 venerd\u00ec 27 febbraio 2026, dalle 9 alle 14, nella biblioteca civica di Vinovo, in via San Bartolomeo 40, al castello Della Rovere.<\/p>\n<p>Per chi cerca impiego l\u2019appuntamento rappresenta un\u2019occasione concreta per presentarsi alle aziende partecipanti, conoscere le opportunit\u00e0 occupazionali del territorio o avviare un percorso di inserimento nel mondo del lavoro. Hanno gi\u00e0 confermato la propria presenza numerose realt\u00e0 economiche locali, interessate a fare recruiting, incontrando candidati e svolgendo colloqui conoscitivi in presenza.<\/p>\n<p>&nbsp;<\/p>\n<p>In preparazione dell\u2019evento LavORA Vinovo, il Centro per l\u2019impiego di Moncalieri organizza il laboratorio interattivo \u201cCercare lavoro con Piemonte Tu\u201d, rivolto a chi desidera arrivare pronto ai colloqui.<\/p>\n<p>Il laboratorio offrir\u00e0 infatti strumenti pratici e suggerimenti operativi per: esplorare le opportunit\u00e0 di lavoro sulla piattaforma regionale Piemonte Tu; creare o migliorare un curriculum personalizzato, efficace e coerente con le posizioni di interesse; candidarsi in modo mirato direttamente online.<\/p>\n<p>&nbsp;<\/p>\n<p>Il laboratorio \u00e8 in agenda mercoled\u00ec 25 febbraio dalle 14.30 alle 16.30 nella biblioteca civica di Vinovo, in via San Bartolomeo 40, al castello Della Rovere.<\/p>\n<p>&nbsp;<\/p>\n<p>Gli eventi sono gratuiti e ad accesso libero, senza bisogno di prenotazione.<\/p>\n<p>Per informazioni \u00e8 possibile rivolgersi al Centro per l\u2019impiego di Moncalieri: 0110876430, info.cpi.moncalieri@agenziapiemontelavoro.it<\/p>\n","protected":false},"excerpt":{"rendered":"","protected":false},"author":11,"featured_media":50353,"comment_status":"open","ping_status":"closed","sticky":false,"template":"","format":"standard","meta":[],"categories":[34],"tags":[],"news-destination":[],"news-source":[],"is_homepage":[581],"ta_other":[],"_links":{"self":[{"href":"https:\/\/www.ilmercoledi.news\/ilmercoledi\/news\/wp-json\/wp\/v2\/posts\/79426"}],"collection":[{"href":"https:\/\/www.ilmercoledi.news\/ilmercoledi\/news\/wp-json\/wp\/v2\/posts"}],"about":[{"href":"https:\/\/www.ilmercoledi.news\/ilmercoledi\/news\/wp-json\/wp\/v2\/types\/post"}],"author":[{"embeddable":true,"href":"https:\/\/www.ilmercoledi.news\/ilmercoledi\/news\/wp-json\/wp\/v2\/users\/11"}],"replies":[{"embeddable":true,"href":"https:\/\/www.ilmercoledi.news\/ilmercoledi\/news\/wp-json\/wp\/v2\/comments?post=79426"}],"version-history":[{"count":0,"href":"https:\/\/www.ilmercoledi.news\/ilmercoledi\/news\/wp-json\/wp\/v2\/posts\/79426\/revisions"}],"wp:featuredmedia":[{"embeddable":true,"href":"https:\/\/www.ilmercoledi.news\/ilmercoledi\/news\/wp-json\/wp\/v2\/media\/50353"}],"wp:attachment":[{"href":"https:\/\/www.ilmercoledi.news\/ilmercoledi\/news\/wp-json\/wp\/v2\/media?parent=79426"}],"wp:term":[{"taxonomy":"category","embeddable":true,"href":"https:\/\/www.ilmercoledi.news\/ilmercoledi\/news\/wp-json\/wp\/v2\/categories?post=79426"},{"taxonomy":"post_tag","embeddable":true,"href":"https:\/\/www.ilmercoledi.news\/ilmercoledi\/news\/wp-json\/wp\/v2\/tags?post=79426"},{"taxonomy":"news-destination","embeddable":true,"href":"https:\/\/www.ilmercoledi.news\/ilmercoledi\/news\/wp-json\/wp\/v2\/news-destination?post=79426"},{"taxonomy":"news-source","embeddable":true,"href":"https:\/\/www.ilmercoledi.news\/ilmercoledi\/news\/wp-json\/wp\/v2\/news-source?post=79426"},{"taxonomy":"is_homepage","embeddable":true,"href":"https:\/\/www.ilmercoledi.news\/ilmercoledi\/news\/wp-json\/wp\/v2\/is_homepage?post=79426"},{"taxonomy":"ta_other","embeddable":true,"href":"https:\/\/www.ilmercoledi.news\/ilmercoledi\/news\/wp-json\/wp\/v2\/ta_other?post=79426"}],"curies":[{"name":"wp","href":"https:\/\/api.w.org\/{rel}","templated":true}]}}