{"id":79448,"date":"2026-02-23T17:46:18","date_gmt":"2026-02-23T16:46:18","guid":{"rendered":"https:\/\/euwps06.newsmemory.com\/ilmercoledi\/news\/2026\/02\/23\/carmagnola-convegno-sulla-carne-piemontese-di-qualita\/"},"modified":"2026-02-23T17:46:24","modified_gmt":"2025-09-26T17:46:24","slug":"carmagnola-convegno-sulla-carne-piemontese-di-qualita","status":"publish","type":"post","link":"https:\/\/www.ilmercoledi.news\/2026\/02\/23\/carmagnola-convegno-sulla-carne-piemontese-di-qualita\/","title":{"rendered":"CARMAGNOLA &#8211; Convegno sulla carne piemontese di qualit\u00e0"},"content":{"rendered":"<p>A Carmagnola ad anticipare la Fiera Primaverile sar\u00e0, venerd\u00ec 6 marzo 2026, il convegno dal titolo \u201cLa carne Piemontese tra qualit\u00e0, territorio e tradizione\u201d, in programma dalle ore 17:00 presso il Salone Fieristico di Piazza Italia.<\/p>\n<p>&nbsp;<\/p>\n<p>L\u2019incontro rappresenta un momento di approfondimento dedicato ai temi della qualit\u00e0, della tutela e della valorizzazione della Razza Piemontese, in dialogo con le trasformazioni del comparto zootecnico e con il ruolo strategico che questa produzione riveste per il territorio.<\/p>\n<p>&nbsp;<\/p>\n<p>Dopo i saluti istituzionali del Sindaco Ivana Gaveglio e dell\u2019Assessore all\u2019Agricoltura Roberto Gerbino, Francesco Ferrero dell\u2019Universit\u00e0 degli Studi di Torino \u2013 DISAFA aprir\u00e0 il ciclo degli interventi approfondendo il tema dell\u2019allevamento di qualit\u00e0 come elemento chiave per la valorizzazione del territorio e delle sue eccellenze produttive.<\/p>\n<p>&nbsp;<\/p>\n<p>Seguir\u00e0 il contributo di Andrea Quaglino di ANABORAPI, dedicato alla genetica della Razza Piemontese, con un focus sull\u2019evoluzione della selezione, sulle prospettive future e sulle strategie di tutela di un patrimonio zootecnico di grande valore.<\/p>\n<p>&nbsp;<\/p>\n<p>Gianfranco Drigo di ARAP affronter\u00e0 invece il tema dei controlli funzionali, illustrando il ruolo che questi strumenti svolgono a supporto della tutela degli allevamenti.<\/p>\n<p>&nbsp;<\/p>\n<p>Il punto di vista della filiera e della certificazione sar\u00e0 approfondito da Alessandro Filippa di COALVI, che interverr\u00e0 sui temi della tutela e certificazione della carne di Razza Piemontese.<\/p>\n<p>&nbsp;<\/p>\n<p>Lo sguardo si allargher\u00e0 poi oltre i confini nazionali con l\u2019intervento di Bas Basemans e Jan Hulsen, insieme a Stefania Pasinato di AgriBusiness Consulting, che offriranno una riflessione sul ruolo della Razza Piemontese nel contesto internazionale e sulle opportunit\u00e0 di valorizzazione a livello globale.<\/p>\n<p>&nbsp;<\/p>\n<p>A chiudere il programma sar\u00e0 nuovamente Stefania Pasinato, con la presentazione della degustazione a cura delle macellerie di Carmagnola associate a COALVI, momento che intende collegare i contenuti tecnici del convegno alla dimensione concreta della qualit\u00e0 del prodotto e alla tradizione gastronomica locale.<\/p>\n<p>&nbsp;<\/p>\n","protected":false},"excerpt":{"rendered":"","protected":false},"author":11,"featured_media":44163,"comment_status":"open","ping_status":"closed","sticky":false,"template":"","format":"standard","meta":[],"categories":[34],"tags":[],"news-destination":[],"news-source":[],"is_homepage":[581],"ta_other":[],"_links":{"self":[{"href":"https:\/\/www.ilmercoledi.news\/ilmercoledi\/news\/wp-json\/wp\/v2\/posts\/79448"}],"collection":[{"href":"https:\/\/www.ilmercoledi.news\/ilmercoledi\/news\/wp-json\/wp\/v2\/posts"}],"about":[{"href":"https:\/\/www.ilmercoledi.news\/ilmercoledi\/news\/wp-json\/wp\/v2\/types\/post"}],"author":[{"embeddable":true,"href":"https:\/\/www.ilmercoledi.news\/ilmercoledi\/news\/wp-json\/wp\/v2\/users\/11"}],"replies":[{"embeddable":true,"href":"https:\/\/www.ilmercoledi.news\/ilmercoledi\/news\/wp-json\/wp\/v2\/comments?post=79448"}],"version-history":[{"count":0,"href":"https:\/\/www.ilmercoledi.news\/ilmercoledi\/news\/wp-json\/wp\/v2\/posts\/79448\/revisions"}],"wp:featuredmedia":[{"embeddable":true,"href":"https:\/\/www.ilmercoledi.news\/ilmercoledi\/news\/wp-json\/wp\/v2\/media\/44163"}],"wp:attachment":[{"href":"https:\/\/www.ilmercoledi.news\/ilmercoledi\/news\/wp-json\/wp\/v2\/media?parent=79448"}],"wp:term":[{"taxonomy":"category","embeddable":true,"href":"https:\/\/www.ilmercoledi.news\/ilmercoledi\/news\/wp-json\/wp\/v2\/categories?post=79448"},{"taxonomy":"post_tag","embeddable":true,"href":"https:\/\/www.ilmercoledi.news\/ilmercoledi\/news\/wp-json\/wp\/v2\/tags?post=79448"},{"taxonomy":"news-destination","embeddable":true,"href":"https:\/\/www.ilmercoledi.news\/ilmercoledi\/news\/wp-json\/wp\/v2\/news-destination?post=79448"},{"taxonomy":"news-source","embeddable":true,"href":"https:\/\/www.ilmercoledi.news\/ilmercoledi\/news\/wp-json\/wp\/v2\/news-source?post=79448"},{"taxonomy":"is_homepage","embeddable":true,"href":"https:\/\/www.ilmercoledi.news\/ilmercoledi\/news\/wp-json\/wp\/v2\/is_homepage?post=79448"},{"taxonomy":"ta_other","embeddable":true,"href":"https:\/\/www.ilmercoledi.news\/ilmercoledi\/news\/wp-json\/wp\/v2\/ta_other?post=79448"}],"curies":[{"name":"wp","href":"https:\/\/api.w.org\/{rel}","templated":true}]}}