{"id":79555,"date":"2026-03-02T06:41:09","date_gmt":"2026-03-02T05:41:09","guid":{"rendered":"https:\/\/euwps05.newsmemory.com\/ilmercoledi\/news\/2026\/03\/02\/nichelino-premiati-commercianti-per-il-concorso-carnevale-vetrina\/"},"modified":"2026-03-02T06:42:06","modified_gmt":"2026-03-02T05:42:06","slug":"nichelino-premiati-commercianti-per-il-concorso-carnevale-vetrina","status":"publish","type":"post","link":"https:\/\/www.ilmercoledi.news\/2026\/03\/02\/nichelino-premiati-commercianti-per-il-concorso-carnevale-vetrina\/","title":{"rendered":"NICHELINO &#8211; Premiati i commercianti per il concorso &#8216;Carnevale in vetrina&#8217;"},"content":{"rendered":"<p>Durante la seduta del Consiglio Comunale di Nichelino l&#8217;amministrazione ha accolto i partecipanti e le partecipanti al concorso \u201cCarnevale in Vetrina\u201d, l\u2019iniziativa che ha portato colore e creativit\u00e0 nelle vie della citt\u00e0 grazie alle vetrine allestite a tema carnevale.<\/p>\n<p>Questi i vincitori: Lucia del negozio \u201cLe vie del cuore\u201d, Renata del negozio \u201cFrutta e verdura da Renata\u201d,\u00a0Alessandra del negozio \u201cControvento\u201d<\/p>\n<p>&nbsp;<\/p>\n<p>&#8220;Un ringraziamento speciale a tutti i commercianti che hanno aderito e agli uffici comunali. Il commercio di vicinato \u00e8 un presidio fondamentale per la nostra comunit\u00e0: iniziative come questa rafforzano il senso di appartenenza e rendono la citt\u00e0 pi\u00f9 viva e partecipata&#8221;, ha spiegato il sindaco Giampiero Tolardo.<\/p>\n","protected":false},"excerpt":{"rendered":"","protected":false},"author":11,"featured_media":79554,"comment_status":"open","ping_status":"closed","sticky":false,"template":"","format":"standard","meta":[],"categories":[34],"tags":[],"news-destination":[],"news-source":[],"is_homepage":[581],"ta_other":[],"_links":{"self":[{"href":"https:\/\/www.ilmercoledi.news\/ilmercoledi\/news\/wp-json\/wp\/v2\/posts\/79555"}],"collection":[{"href":"https:\/\/www.ilmercoledi.news\/ilmercoledi\/news\/wp-json\/wp\/v2\/posts"}],"about":[{"href":"https:\/\/www.ilmercoledi.news\/ilmercoledi\/news\/wp-json\/wp\/v2\/types\/post"}],"author":[{"embeddable":true,"href":"https:\/\/www.ilmercoledi.news\/ilmercoledi\/news\/wp-json\/wp\/v2\/users\/11"}],"replies":[{"embeddable":true,"href":"https:\/\/www.ilmercoledi.news\/ilmercoledi\/news\/wp-json\/wp\/v2\/comments?post=79555"}],"version-history":[{"count":0,"href":"https:\/\/www.ilmercoledi.news\/ilmercoledi\/news\/wp-json\/wp\/v2\/posts\/79555\/revisions"}],"wp:featuredmedia":[{"embeddable":true,"href":"https:\/\/www.ilmercoledi.news\/ilmercoledi\/news\/wp-json\/wp\/v2\/media\/79554"}],"wp:attachment":[{"href":"https:\/\/www.ilmercoledi.news\/ilmercoledi\/news\/wp-json\/wp\/v2\/media?parent=79555"}],"wp:term":[{"taxonomy":"category","embeddable":true,"href":"https:\/\/www.ilmercoledi.news\/ilmercoledi\/news\/wp-json\/wp\/v2\/categories?post=79555"},{"taxonomy":"post_tag","embeddable":true,"href":"https:\/\/www.ilmercoledi.news\/ilmercoledi\/news\/wp-json\/wp\/v2\/tags?post=79555"},{"taxonomy":"news-destination","embeddable":true,"href":"https:\/\/www.ilmercoledi.news\/ilmercoledi\/news\/wp-json\/wp\/v2\/news-destination?post=79555"},{"taxonomy":"news-source","embeddable":true,"href":"https:\/\/www.ilmercoledi.news\/ilmercoledi\/news\/wp-json\/wp\/v2\/news-source?post=79555"},{"taxonomy":"is_homepage","embeddable":true,"href":"https:\/\/www.ilmercoledi.news\/ilmercoledi\/news\/wp-json\/wp\/v2\/is_homepage?post=79555"},{"taxonomy":"ta_other","embeddable":true,"href":"https:\/\/www.ilmercoledi.news\/ilmercoledi\/news\/wp-json\/wp\/v2\/ta_other?post=79555"}],"curies":[{"name":"wp","href":"https:\/\/api.w.org\/{rel}","templated":true}]}}