{"id":79568,"date":"2026-02-27T07:07:29","date_gmt":"2026-02-27T06:07:29","guid":{"rendered":"https:\/\/euwps06.newsmemory.com\/ilmercoledi\/news\/2026\/02\/27\/nichelino-un-sondaggio-pubblico-sulla-citta-resiliente\/"},"modified":"2026-02-27T07:07:34","modified_gmt":"2025-09-30T07:07:34","slug":"nichelino-un-sondaggio-pubblico-sulla-citta-resiliente","status":"publish","type":"post","link":"https:\/\/www.ilmercoledi.news\/2026\/02\/27\/nichelino-un-sondaggio-pubblico-sulla-citta-resiliente\/","title":{"rendered":"NICHELINO &#8211; Un sondaggio pubblico sulla citt\u00e0 resiliente"},"content":{"rendered":"<p>Il Comune di Nichelino, attraverso l&#8217;Ufficio Ambiente, \u00e8 impegnato nel\u00a0<strong>progetto europeo\u00a0CICADA4CE<\/strong>, un\u2019iniziativa volta a rafforzare la resilienza del\u00a0 territorio di fronte alle sfide climatiche globali.<\/p>\n<p><strong>Perch\u00e9 questa indagine?\u00a0<\/strong><\/p>\n<p>Il Comune vuole capire come i cittadini percepiscono i mutamenti del clima e quali strategie di adattamento ritengono prioritarie per la nostra citt\u00e0.<\/p>\n<p>I dati raccolti saranno fondamentali per orientare le future politiche ambientali e rendere Nichelino pi\u00f9 sicura e vivibile.<\/p>\n<p><strong>Come partecipare?<\/strong> La compilazione della survey \u00e8 anonima, richiede pochi minuti e pu\u00f2 fare la differenza nella pianificazione del futuro comune. Il link per partecipare al sondaggio \u00e8 https:\/\/docs.google.com\/forms\/d\/e\/1FAIpQLSez-40JoJF91WRdluSC_LsWZIoWzMRZbwGemZ-ALvsOXGR6MA\/viewform<\/p>\n","protected":false},"excerpt":{"rendered":"","protected":false},"author":11,"featured_media":49847,"comment_status":"open","ping_status":"closed","sticky":false,"template":"","format":"standard","meta":[],"categories":[34],"tags":[],"news-destination":[],"news-source":[],"is_homepage":[581],"ta_other":[],"_links":{"self":[{"href":"https:\/\/www.ilmercoledi.news\/ilmercoledi\/news\/wp-json\/wp\/v2\/posts\/79568"}],"collection":[{"href":"https:\/\/www.ilmercoledi.news\/ilmercoledi\/news\/wp-json\/wp\/v2\/posts"}],"about":[{"href":"https:\/\/www.ilmercoledi.news\/ilmercoledi\/news\/wp-json\/wp\/v2\/types\/post"}],"author":[{"embeddable":true,"href":"https:\/\/www.ilmercoledi.news\/ilmercoledi\/news\/wp-json\/wp\/v2\/users\/11"}],"replies":[{"embeddable":true,"href":"https:\/\/www.ilmercoledi.news\/ilmercoledi\/news\/wp-json\/wp\/v2\/comments?post=79568"}],"version-history":[{"count":0,"href":"https:\/\/www.ilmercoledi.news\/ilmercoledi\/news\/wp-json\/wp\/v2\/posts\/79568\/revisions"}],"wp:featuredmedia":[{"embeddable":true,"href":"https:\/\/www.ilmercoledi.news\/ilmercoledi\/news\/wp-json\/wp\/v2\/media\/49847"}],"wp:attachment":[{"href":"https:\/\/www.ilmercoledi.news\/ilmercoledi\/news\/wp-json\/wp\/v2\/media?parent=79568"}],"wp:term":[{"taxonomy":"category","embeddable":true,"href":"https:\/\/www.ilmercoledi.news\/ilmercoledi\/news\/wp-json\/wp\/v2\/categories?post=79568"},{"taxonomy":"post_tag","embeddable":true,"href":"https:\/\/www.ilmercoledi.news\/ilmercoledi\/news\/wp-json\/wp\/v2\/tags?post=79568"},{"taxonomy":"news-destination","embeddable":true,"href":"https:\/\/www.ilmercoledi.news\/ilmercoledi\/news\/wp-json\/wp\/v2\/news-destination?post=79568"},{"taxonomy":"news-source","embeddable":true,"href":"https:\/\/www.ilmercoledi.news\/ilmercoledi\/news\/wp-json\/wp\/v2\/news-source?post=79568"},{"taxonomy":"is_homepage","embeddable":true,"href":"https:\/\/www.ilmercoledi.news\/ilmercoledi\/news\/wp-json\/wp\/v2\/is_homepage?post=79568"},{"taxonomy":"ta_other","embeddable":true,"href":"https:\/\/www.ilmercoledi.news\/ilmercoledi\/news\/wp-json\/wp\/v2\/ta_other?post=79568"}],"curies":[{"name":"wp","href":"https:\/\/api.w.org\/{rel}","templated":true}]}}