{"id":79600,"date":"2026-03-02T19:07:28","date_gmt":"2026-03-02T18:07:28","guid":{"rendered":"https:\/\/euwps06.newsmemory.com\/ilmercoledi\/news\/2026\/03\/02\/nichelino-da-giovedi-5-stupinigi-le-stanze-di-margherita\/"},"modified":"2026-03-02T19:07:32","modified_gmt":"2025-10-03T19:07:32","slug":"nichelino-da-giovedi-5-stupinigi-le-stanze-di-margherita","status":"publish","type":"post","link":"https:\/\/www.ilmercoledi.news\/2026\/03\/02\/nichelino-da-giovedi-5-stupinigi-le-stanze-di-margherita\/","title":{"rendered":"NICHELINO &#8211; Da gioved\u00ec 5 a Stupinigi &#8216;Le stanze di Margherita&#8217;"},"content":{"rendered":"<p>Non solo una Regina, ma una donna con un gusto preciso, abitudini quotidiane, affetti, rituali e un\u2019idea moderna dell\u2019abitare. Con\u00a0<i>\u201cLe stanze di Margherita\u201d<\/i>, la Palazzina ci Caccia di Stupinigi, in occasione del centenario della morte, invita i visitatori ad entrare nella dimensione pi\u00f9 privata e concreta di Margherita di Savoia, ultima sovrana ad abitare la residenza prima della sua trasformazione in museo. Dal 5 marzo, giorni e orari di apertura: da marted\u00ec a venerd\u00ec 10-17,30 (ultimo ingresso ore 17); sabato, domenica e festivi 10-18,30 (ultimo ingresso ore 18)<\/p>\n<p><b>Il percorso restituisce l\u2019ultima stagione vissuta di Stupinigi come dimora reale, tra il 1901 e il 1919<\/b>. In quegli anni la Palazzina non fu pi\u00f9 soltanto una residenza di caccia, ma una casa vissuta, adattata, trasformata per rispondere alle esigenze quotidiane della Regina Madre. Attraverso una serie di pannelli tematici con grafica dedicata, collocati nell\u2019Appartamento e nell\u2019Atrio di Levante e nell\u2019area dell\u2019ascensore storico,\u00a0<b>il percorso mette in dialogo fotografie d\u2019epoca, immagini tratte da riviste del primo Novecento e ambienti attuali<\/b>, permettendo ai visitatori di confrontare passato e presente in modo immediato e suggestivo. Un QR code, inoltre, consentir\u00e0 di approfondire la storia attraverso testi e immagini di inizio Novecento.<\/p>\n<p>Ne emerge il ritratto di una regina sorprendentemente contemporanea. Margherita abit\u00f2 nell\u2019appartamento pi\u00f9 articolato ma meglio esposto e confortevole, destinato nel Settecento al duca del Chiablese e a inizio Ottocento a Napoleone. Gli ambienti, da lei rivisitati, furono fotografati e pubblicati sulle riviste dell\u2019epoca come esempio di stile, innovazione e cultura dell\u2019abitare per il sapiente accostamento eclettico di arredi barocchi, con un amore particolare per le opere di Piero Piffetti e moderni arredi in giunco, fantasie di pizzi, ricami, piume e grandi piante esotiche. La regina Margherita fu vivace e curiosa, attirata dalla modernit\u00e0 che il nuovo secolo portava con s\u00e9 e scelse per tutte le sue residenze dotazioni di comfort e innovazione. A Stupinigi arriv\u00f2 la corrente elettrica, utilizzata\u00a0anche negli ambienti della servit\u00f9 attrezzati con sistemi di campanelli collegati alle stanze della regina. Ogni appartamento era dotato di servizi igienici con acqua corrente calda e fredda e water-closet, fatti giungere a Torino dall\u2019Inghilterra. Il sistema di riscaldamento fu potenziato, un ascensore a pompa idraulica collegava il piano nobile con gli appartamenti della corte al primo piano e un passavivande portava dalle cucine del piano interrato le pietanze nella sala da pranzo della Regina.<\/p>\n<p><b>Il percorso accompagna il visitatore stanza dopo stanza, affrontando temi che intrecciano vita privata e rappresentanza<\/b>: la regina \u201cglamour\u201d e il suo gusto negli arredi; il servizio di corte e il cerimoniale di una residenza di villeggiatura; gli affetti familiari e le grandi occasioni ufficiali; il rapporto con il giardino; il tema della mobilit\u00e0 tra carrozze e prime automobili, fino al valore simbolico delle innovazioni tecniche introdotte negli ultimi anni della sua vita.<\/p>\n","protected":false},"excerpt":{"rendered":"","protected":false},"author":11,"featured_media":46889,"comment_status":"open","ping_status":"closed","sticky":false,"template":"","format":"standard","meta":[],"categories":[34],"tags":[],"news-destination":[],"news-source":[],"is_homepage":[],"ta_other":[],"_links":{"self":[{"href":"https:\/\/www.ilmercoledi.news\/ilmercoledi\/news\/wp-json\/wp\/v2\/posts\/79600"}],"collection":[{"href":"https:\/\/www.ilmercoledi.news\/ilmercoledi\/news\/wp-json\/wp\/v2\/posts"}],"about":[{"href":"https:\/\/www.ilmercoledi.news\/ilmercoledi\/news\/wp-json\/wp\/v2\/types\/post"}],"author":[{"embeddable":true,"href":"https:\/\/www.ilmercoledi.news\/ilmercoledi\/news\/wp-json\/wp\/v2\/users\/11"}],"replies":[{"embeddable":true,"href":"https:\/\/www.ilmercoledi.news\/ilmercoledi\/news\/wp-json\/wp\/v2\/comments?post=79600"}],"version-history":[{"count":0,"href":"https:\/\/www.ilmercoledi.news\/ilmercoledi\/news\/wp-json\/wp\/v2\/posts\/79600\/revisions"}],"wp:featuredmedia":[{"embeddable":true,"href":"https:\/\/www.ilmercoledi.news\/ilmercoledi\/news\/wp-json\/wp\/v2\/media\/46889"}],"wp:attachment":[{"href":"https:\/\/www.ilmercoledi.news\/ilmercoledi\/news\/wp-json\/wp\/v2\/media?parent=79600"}],"wp:term":[{"taxonomy":"category","embeddable":true,"href":"https:\/\/www.ilmercoledi.news\/ilmercoledi\/news\/wp-json\/wp\/v2\/categories?post=79600"},{"taxonomy":"post_tag","embeddable":true,"href":"https:\/\/www.ilmercoledi.news\/ilmercoledi\/news\/wp-json\/wp\/v2\/tags?post=79600"},{"taxonomy":"news-destination","embeddable":true,"href":"https:\/\/www.ilmercoledi.news\/ilmercoledi\/news\/wp-json\/wp\/v2\/news-destination?post=79600"},{"taxonomy":"news-source","embeddable":true,"href":"https:\/\/www.ilmercoledi.news\/ilmercoledi\/news\/wp-json\/wp\/v2\/news-source?post=79600"},{"taxonomy":"is_homepage","embeddable":true,"href":"https:\/\/www.ilmercoledi.news\/ilmercoledi\/news\/wp-json\/wp\/v2\/is_homepage?post=79600"},{"taxonomy":"ta_other","embeddable":true,"href":"https:\/\/www.ilmercoledi.news\/ilmercoledi\/news\/wp-json\/wp\/v2\/ta_other?post=79600"}],"curies":[{"name":"wp","href":"https:\/\/api.w.org\/{rel}","templated":true}]}}