{"id":79627,"date":"2026-03-04T13:53:07","date_gmt":"2026-03-04T12:53:07","guid":{"rendered":"https:\/\/euwps05.newsmemory.com\/ilmercoledi\/news\/2026\/03\/04\/nichelino-addio-bush-il-venditore-ambulante-di-via-torino\/"},"modified":"2026-03-04T13:55:18","modified_gmt":"2026-03-04T12:55:18","slug":"nichelino-addio-bush-il-venditore-ambulante-di-via-torino","status":"publish","type":"post","link":"https:\/\/www.ilmercoledi.news\/2026\/03\/04\/nichelino-addio-bush-il-venditore-ambulante-di-via-torino\/","title":{"rendered":"NICHELINO &#8211; Addio a &#8216;Bush&#8217; il venditore ambulante di via Torino"},"content":{"rendered":"<p>Rahou Bouchaib, conosciuto da tutti a Nichelino con il soprannome di \u00abBush\u00bb, non c&#8217; pi\u00f9. Il ragazzo extracomunitario, che faceva il venditore ambulante in citt\u00e0, \u00e8 stato strappato all&#8217;affetto di familiari e amici da una malattia che non gli ha lasciato scampo.<\/p>\n<p>Era da poco tornato in Marocco, dove vivono la moglie e i figli. A maggio dello scorso anno era stato ricoverato e operato d&#8217;urgenza in ospedale, dopo che si era sentito male in via Torino, mentre stava lavorando nei pressi della sua bancarella.\u00a0Per aiutarlo era stata attivata una raccolta fondi tramite Satispay.<\/p>\n","protected":false},"excerpt":{"rendered":"","protected":false},"author":11,"featured_media":79626,"comment_status":"open","ping_status":"closed","sticky":false,"template":"","format":"standard","meta":[],"categories":[34],"tags":[],"news-destination":[],"news-source":[],"is_homepage":[581],"ta_other":[],"_links":{"self":[{"href":"https:\/\/www.ilmercoledi.news\/ilmercoledi\/news\/wp-json\/wp\/v2\/posts\/79627"}],"collection":[{"href":"https:\/\/www.ilmercoledi.news\/ilmercoledi\/news\/wp-json\/wp\/v2\/posts"}],"about":[{"href":"https:\/\/www.ilmercoledi.news\/ilmercoledi\/news\/wp-json\/wp\/v2\/types\/post"}],"author":[{"embeddable":true,"href":"https:\/\/www.ilmercoledi.news\/ilmercoledi\/news\/wp-json\/wp\/v2\/users\/11"}],"replies":[{"embeddable":true,"href":"https:\/\/www.ilmercoledi.news\/ilmercoledi\/news\/wp-json\/wp\/v2\/comments?post=79627"}],"version-history":[{"count":0,"href":"https:\/\/www.ilmercoledi.news\/ilmercoledi\/news\/wp-json\/wp\/v2\/posts\/79627\/revisions"}],"wp:featuredmedia":[{"embeddable":true,"href":"https:\/\/www.ilmercoledi.news\/ilmercoledi\/news\/wp-json\/wp\/v2\/media\/79626"}],"wp:attachment":[{"href":"https:\/\/www.ilmercoledi.news\/ilmercoledi\/news\/wp-json\/wp\/v2\/media?parent=79627"}],"wp:term":[{"taxonomy":"category","embeddable":true,"href":"https:\/\/www.ilmercoledi.news\/ilmercoledi\/news\/wp-json\/wp\/v2\/categories?post=79627"},{"taxonomy":"post_tag","embeddable":true,"href":"https:\/\/www.ilmercoledi.news\/ilmercoledi\/news\/wp-json\/wp\/v2\/tags?post=79627"},{"taxonomy":"news-destination","embeddable":true,"href":"https:\/\/www.ilmercoledi.news\/ilmercoledi\/news\/wp-json\/wp\/v2\/news-destination?post=79627"},{"taxonomy":"news-source","embeddable":true,"href":"https:\/\/www.ilmercoledi.news\/ilmercoledi\/news\/wp-json\/wp\/v2\/news-source?post=79627"},{"taxonomy":"is_homepage","embeddable":true,"href":"https:\/\/www.ilmercoledi.news\/ilmercoledi\/news\/wp-json\/wp\/v2\/is_homepage?post=79627"},{"taxonomy":"ta_other","embeddable":true,"href":"https:\/\/www.ilmercoledi.news\/ilmercoledi\/news\/wp-json\/wp\/v2\/ta_other?post=79627"}],"curies":[{"name":"wp","href":"https:\/\/api.w.org\/{rel}","templated":true}]}}