{"id":79644,"date":"2026-03-04T06:08:08","date_gmt":"2026-03-04T05:08:08","guid":{"rendered":"https:\/\/euwps06.newsmemory.com\/ilmercoledi\/news\/2026\/03\/04\/villastellone-modifiche-alla-viabilita-per-il-carnevale\/"},"modified":"2026-03-04T06:08:12","modified_gmt":"2025-10-05T06:08:12","slug":"villastellone-modifiche-alla-viabilita-per-il-carnevale","status":"publish","type":"post","link":"https:\/\/www.ilmercoledi.news\/2026\/03\/04\/villastellone-modifiche-alla-viabilita-per-il-carnevale\/","title":{"rendered":"VILLASTELLONE &#8211; Modifiche alla viabilit\u00e0 per il carnevale"},"content":{"rendered":"<p>Domenica 8 marzo per consentire lo svolgimento del Carnevale e il passaggio dei carri, dalle ore 13.30 alle 19, e comunque fino al termine della sfilata, rimarranno chiuse al traffico le vie Molino, piazza Libert\u00e0, via Como, via Lev\u00e0, viale Signorini, via Como, via Madonna, via Cossolo e la Sp 122 dalla Sp 393 alla Sp 130, nonch\u00e9 tutte le vie del concentrico comprese nel perimetro della manifestazione. Inoltre, dalle ore 11 alle 24, lungo tutto il percorso sar\u00e0 vietata la sosta con rimozione forzata.<\/p>\n<p>&nbsp;<\/p>\n<p>Nella zona del Palarane saranno inoltre presenti attrazioni dello spettacolo viaggiante e giostre, pertanto non sar\u00e0 consentita la sosta ai veicoli. Infine, dalle ore 13.30 alle 19 non sar\u00e0 consentito transitare con le auto in via Cossolo nel tratto compreso tra via Madonna e largo Stazione.<\/p>\n<p>&nbsp;<\/p>\n<p>Pertanto si invitano i cittadini che devono accedere alla stazione ad utilizzare l\u2019accesso di via Borgonuovo, lasciando i veicoli nella zona di via Borgonuovo.<\/p>\n","protected":false},"excerpt":{"rendered":"","protected":false},"author":11,"featured_media":51642,"comment_status":"open","ping_status":"closed","sticky":false,"template":"","format":"standard","meta":[],"categories":[34],"tags":[],"news-destination":[],"news-source":[],"is_homepage":[581],"ta_other":[],"_links":{"self":[{"href":"https:\/\/www.ilmercoledi.news\/ilmercoledi\/news\/wp-json\/wp\/v2\/posts\/79644"}],"collection":[{"href":"https:\/\/www.ilmercoledi.news\/ilmercoledi\/news\/wp-json\/wp\/v2\/posts"}],"about":[{"href":"https:\/\/www.ilmercoledi.news\/ilmercoledi\/news\/wp-json\/wp\/v2\/types\/post"}],"author":[{"embeddable":true,"href":"https:\/\/www.ilmercoledi.news\/ilmercoledi\/news\/wp-json\/wp\/v2\/users\/11"}],"replies":[{"embeddable":true,"href":"https:\/\/www.ilmercoledi.news\/ilmercoledi\/news\/wp-json\/wp\/v2\/comments?post=79644"}],"version-history":[{"count":0,"href":"https:\/\/www.ilmercoledi.news\/ilmercoledi\/news\/wp-json\/wp\/v2\/posts\/79644\/revisions"}],"wp:featuredmedia":[{"embeddable":true,"href":"https:\/\/www.ilmercoledi.news\/ilmercoledi\/news\/wp-json\/wp\/v2\/media\/51642"}],"wp:attachment":[{"href":"https:\/\/www.ilmercoledi.news\/ilmercoledi\/news\/wp-json\/wp\/v2\/media?parent=79644"}],"wp:term":[{"taxonomy":"category","embeddable":true,"href":"https:\/\/www.ilmercoledi.news\/ilmercoledi\/news\/wp-json\/wp\/v2\/categories?post=79644"},{"taxonomy":"post_tag","embeddable":true,"href":"https:\/\/www.ilmercoledi.news\/ilmercoledi\/news\/wp-json\/wp\/v2\/tags?post=79644"},{"taxonomy":"news-destination","embeddable":true,"href":"https:\/\/www.ilmercoledi.news\/ilmercoledi\/news\/wp-json\/wp\/v2\/news-destination?post=79644"},{"taxonomy":"news-source","embeddable":true,"href":"https:\/\/www.ilmercoledi.news\/ilmercoledi\/news\/wp-json\/wp\/v2\/news-source?post=79644"},{"taxonomy":"is_homepage","embeddable":true,"href":"https:\/\/www.ilmercoledi.news\/ilmercoledi\/news\/wp-json\/wp\/v2\/is_homepage?post=79644"},{"taxonomy":"ta_other","embeddable":true,"href":"https:\/\/www.ilmercoledi.news\/ilmercoledi\/news\/wp-json\/wp\/v2\/ta_other?post=79644"}],"curies":[{"name":"wp","href":"https:\/\/api.w.org\/{rel}","templated":true}]}}