{"id":79678,"date":"2026-03-05T12:42:39","date_gmt":"2026-03-05T11:42:39","guid":{"rendered":"https:\/\/euwps06.newsmemory.com\/ilmercoledi\/news\/2026\/03\/05\/sanita-nursing-critico-con-gettonisti-nelle-case-di-comunita\/"},"modified":"2026-03-05T12:42:44","modified_gmt":"2025-10-06T12:42:44","slug":"sanita-nursing-critico-con-gettonisti-nelle-case-di-comunita","status":"publish","type":"post","link":"https:\/\/www.ilmercoledi.news\/2026\/03\/05\/sanita-nursing-critico-con-gettonisti-nelle-case-di-comunita\/","title":{"rendered":"SANITA&#8217; &#8211; Nursing Up critico con i gettonisti nelle case di comunit\u00e0"},"content":{"rendered":"<p>\u00abLe Case di comunit\u00e0 non possono aprire reggendosi sui gettonisti. Se questa \u00e8 la soluzione, allora stiamo sbagliando modello prima ancora di partire\u00bb.\u00a0Claudio Delli Carri, segretario regionale del Nursing Up Piemonte Valle d\u2019Aosta, interviene dopo il dibattito emerso in merito al rischio di ricorrere a personale esterno per garantire l\u2019avvio delle nuove strutture territoriali.<\/p>\n<p>Il PNRR prevede che le Case di comunit\u00e0 siano operative entro il 30 aprile. Una scadenza stringente, che impone alle aziende sanitarie di garantire servizi minimi attivi e personale presente. Ma il punto, secondo il Nursing Up, non \u00e8 \u201caprire le porte\u201d, bens\u00ec farlo con organici coerenti e stabili.<\/p>\n<p>\u00abNon \u00e8 vero che gli infermieri, professionisti sanitari e oss non ci sono\u00bb, dichiara Delli Carri. \u00abAl concorso bandito a dicembre hanno partecipato circa 1900 candidati.\u00a0 Le prove concorsuali si concluderanno entro fine di aprile 2026. Il problema non \u00e8 la mancanza di professionisti, ma la tempistica amministrativa\u00bb.<\/p>\n<p>Con questo calendario, \u00e8 evidente che le nuove graduatorie non potranno tradursi in assunzioni effettive prima della scadenza imposta dal PNRR. Ecco perch\u00e9 il sindacato chiede ad Azienda Zero e all\u2019assessore Federico Riboldi di accelerare immediatamente le procedure, rendendo operative le graduatorie e programmando le immissioni in servizio entro il primo trimestre 2026.<\/p>\n<p>\u00abLe Case di comunit\u00e0 devono garantire continuit\u00e0 assistenziale sul territorio\u00bb, prosegue il segretario regionale. \u00abAffidarle a gettonisti o a contratti a tempo determinato significherebbe costruire una sanit\u00e0 di prossimit\u00e0 gi\u00e0 precaria alla nascita. \u00c8 una contraddizione evidente\u00bb.<\/p>\n<p>Secondo il Nursing Up, il rischio non \u00e8 solo organizzativo, ma culturale: il PNRR nasce per rafforzare il sistema pubblico e la medicina territoriale. Se la risposta \u00e8 il ricorso sistematico al privato o a personale temporaneo, si snatura l\u2019impianto stesso della riforma.<\/p>\n<p>\u00abUna rete territoriale stabile richiede infermieri, professionisti sanitari e oss assunti stabilmente\u00bb, afferma Delli Carri. \u00abNon si pu\u00f2 parlare di presa in carico e continuit\u00e0 se chi lavora nelle strutture cambia ogni mese\u00bb.\u00a0Il sindacato ribadisce quindi la necessit\u00e0 di un cronoprogramma trasparente sulle assunzioni, di uno sblocco rapido delle graduatorie e di un piano straordinario che consenta alle Case di comunit\u00e0 di partire con organici definiti, evitando il ricorso sistematico a esternalizzazioni o prestazioni a gettone.<\/p>\n","protected":false},"excerpt":{"rendered":"","protected":false},"author":11,"featured_media":2028,"comment_status":"open","ping_status":"closed","sticky":false,"template":"","format":"standard","meta":[],"categories":[34],"tags":[],"news-destination":[],"news-source":[],"is_homepage":[],"ta_other":[],"_links":{"self":[{"href":"https:\/\/www.ilmercoledi.news\/ilmercoledi\/news\/wp-json\/wp\/v2\/posts\/79678"}],"collection":[{"href":"https:\/\/www.ilmercoledi.news\/ilmercoledi\/news\/wp-json\/wp\/v2\/posts"}],"about":[{"href":"https:\/\/www.ilmercoledi.news\/ilmercoledi\/news\/wp-json\/wp\/v2\/types\/post"}],"author":[{"embeddable":true,"href":"https:\/\/www.ilmercoledi.news\/ilmercoledi\/news\/wp-json\/wp\/v2\/users\/11"}],"replies":[{"embeddable":true,"href":"https:\/\/www.ilmercoledi.news\/ilmercoledi\/news\/wp-json\/wp\/v2\/comments?post=79678"}],"version-history":[{"count":0,"href":"https:\/\/www.ilmercoledi.news\/ilmercoledi\/news\/wp-json\/wp\/v2\/posts\/79678\/revisions"}],"wp:featuredmedia":[{"embeddable":true,"href":"https:\/\/www.ilmercoledi.news\/ilmercoledi\/news\/wp-json\/wp\/v2\/media\/2028"}],"wp:attachment":[{"href":"https:\/\/www.ilmercoledi.news\/ilmercoledi\/news\/wp-json\/wp\/v2\/media?parent=79678"}],"wp:term":[{"taxonomy":"category","embeddable":true,"href":"https:\/\/www.ilmercoledi.news\/ilmercoledi\/news\/wp-json\/wp\/v2\/categories?post=79678"},{"taxonomy":"post_tag","embeddable":true,"href":"https:\/\/www.ilmercoledi.news\/ilmercoledi\/news\/wp-json\/wp\/v2\/tags?post=79678"},{"taxonomy":"news-destination","embeddable":true,"href":"https:\/\/www.ilmercoledi.news\/ilmercoledi\/news\/wp-json\/wp\/v2\/news-destination?post=79678"},{"taxonomy":"news-source","embeddable":true,"href":"https:\/\/www.ilmercoledi.news\/ilmercoledi\/news\/wp-json\/wp\/v2\/news-source?post=79678"},{"taxonomy":"is_homepage","embeddable":true,"href":"https:\/\/www.ilmercoledi.news\/ilmercoledi\/news\/wp-json\/wp\/v2\/is_homepage?post=79678"},{"taxonomy":"ta_other","embeddable":true,"href":"https:\/\/www.ilmercoledi.news\/ilmercoledi\/news\/wp-json\/wp\/v2\/ta_other?post=79678"}],"curies":[{"name":"wp","href":"https:\/\/api.w.org\/{rel}","templated":true}]}}