{"id":79704,"date":"2026-03-09T14:56:16","date_gmt":"2026-03-09T13:56:16","guid":{"rendered":"https:\/\/euwps05.newsmemory.com\/ilmercoledi\/news\/2026\/03\/09\/pecetto-chiuso-per-due-mesi-lufficio-postale-per-lavori-di-adeguamento-polis\/"},"modified":"2026-03-09T14:57:29","modified_gmt":"2026-03-09T13:57:29","slug":"pecetto-chiuso-per-due-mesi-lufficio-postale-per-lavori-di-adeguamento-polis","status":"publish","type":"post","link":"https:\/\/www.ilmercoledi.news\/2026\/03\/09\/pecetto-chiuso-per-due-mesi-lufficio-postale-per-lavori-di-adeguamento-polis\/","title":{"rendered":"PECETTO &#8211; Chiuso per due mesi l&#8217;ufficio postale per lavori di adeguamento Polis"},"content":{"rendered":"<p>Chiude per due mesi l&#8217;ufficio postale di Pecetto per l&#8217;adeguamento al progetto Polis. L&#8217;apertura \u00e8 prevista per il 4 maggio. Durante il periodo di chiusura sar\u00e0 possibile rivolgersi all&#8217;Ufficio Postale limotrofo di Pino Torinese, sito in Via Molina 29 che osserver\u00e0 l&#8217;apertura al pubblico nei giorni dal Luned\u00ec al Venerd\u00ec dalle ore 8.20 alle ore 13.35 e il sabato dalle ore 8.20 alle ore 12.35<\/p>\n","protected":false},"excerpt":{"rendered":"","protected":false},"author":11,"featured_media":11451,"comment_status":"open","ping_status":"closed","sticky":false,"template":"","format":"standard","meta":[],"categories":[34],"tags":[],"news-destination":[],"news-source":[],"is_homepage":[581],"ta_other":[],"_links":{"self":[{"href":"https:\/\/www.ilmercoledi.news\/ilmercoledi\/news\/wp-json\/wp\/v2\/posts\/79704"}],"collection":[{"href":"https:\/\/www.ilmercoledi.news\/ilmercoledi\/news\/wp-json\/wp\/v2\/posts"}],"about":[{"href":"https:\/\/www.ilmercoledi.news\/ilmercoledi\/news\/wp-json\/wp\/v2\/types\/post"}],"author":[{"embeddable":true,"href":"https:\/\/www.ilmercoledi.news\/ilmercoledi\/news\/wp-json\/wp\/v2\/users\/11"}],"replies":[{"embeddable":true,"href":"https:\/\/www.ilmercoledi.news\/ilmercoledi\/news\/wp-json\/wp\/v2\/comments?post=79704"}],"version-history":[{"count":0,"href":"https:\/\/www.ilmercoledi.news\/ilmercoledi\/news\/wp-json\/wp\/v2\/posts\/79704\/revisions"}],"wp:featuredmedia":[{"embeddable":true,"href":"https:\/\/www.ilmercoledi.news\/ilmercoledi\/news\/wp-json\/wp\/v2\/media\/11451"}],"wp:attachment":[{"href":"https:\/\/www.ilmercoledi.news\/ilmercoledi\/news\/wp-json\/wp\/v2\/media?parent=79704"}],"wp:term":[{"taxonomy":"category","embeddable":true,"href":"https:\/\/www.ilmercoledi.news\/ilmercoledi\/news\/wp-json\/wp\/v2\/categories?post=79704"},{"taxonomy":"post_tag","embeddable":true,"href":"https:\/\/www.ilmercoledi.news\/ilmercoledi\/news\/wp-json\/wp\/v2\/tags?post=79704"},{"taxonomy":"news-destination","embeddable":true,"href":"https:\/\/www.ilmercoledi.news\/ilmercoledi\/news\/wp-json\/wp\/v2\/news-destination?post=79704"},{"taxonomy":"news-source","embeddable":true,"href":"https:\/\/www.ilmercoledi.news\/ilmercoledi\/news\/wp-json\/wp\/v2\/news-source?post=79704"},{"taxonomy":"is_homepage","embeddable":true,"href":"https:\/\/www.ilmercoledi.news\/ilmercoledi\/news\/wp-json\/wp\/v2\/is_homepage?post=79704"},{"taxonomy":"ta_other","embeddable":true,"href":"https:\/\/www.ilmercoledi.news\/ilmercoledi\/news\/wp-json\/wp\/v2\/ta_other?post=79704"}],"curies":[{"name":"wp","href":"https:\/\/api.w.org\/{rel}","templated":true}]}}