{"id":79745,"date":"2026-03-10T07:41:41","date_gmt":"2026-03-10T06:41:41","guid":{"rendered":"https:\/\/euwps06.newsmemory.com\/ilmercoledi\/news\/2026\/03\/10\/welfare-fondo-sociale-atc-domande-fino-al-30-aprile\/"},"modified":"2026-03-10T07:41:45","modified_gmt":"2025-10-11T07:41:45","slug":"welfare-fondo-sociale-atc-domande-fino-al-30-aprile","status":"publish","type":"post","link":"https:\/\/www.ilmercoledi.news\/2026\/03\/10\/welfare-fondo-sociale-atc-domande-fino-al-30-aprile\/","title":{"rendered":"WELFARE &#8211; Fondo sociale ATC, domande fino al 30 aprile"},"content":{"rendered":"<p>ATC rende noti i requisiti per accedere al fondo sociale regionale 2026, il contributo economico previsto dalla Regione Piemonte per gli inquilini delle case popolari in condizione di morosit\u00e0 incolpevole, che per cause indipendenti dalla loro volont\u00e0, cio\u00e8, non sono riusciti a far fronte a tutte le spese previste dalle bollette.<\/p>\n<p>&nbsp;<\/p>\n<p>&nbsp;<\/p>\n<p>Per essere ammessi al fondo 2026, relativo alla morosit\u00e0 maturata nel corso del 2025 \u00e8 necessario:<\/p>\n<p>&nbsp;<\/p>\n<p>essere in possesso di un indicatore ISEE 2026 non superiore a 7.493,06 euro;<\/p>\n<p>versare entro la scadenza del 30 aprile 2026 la quota minima stabilita dalla Regione.<\/p>\n<p>Attenzione! A differenza degli scorsi anni, quest\u2019anno non saranno previste proroghe!<\/p>\n<p>&nbsp;<\/p>\n<p>L&#8217;importo della quota minima, sempre pari al 14 per cento del reddito (e comunque non inferiore a 480 euro, anche in caso di reddito zero), deve essere calcolato sulla &#8216;Somma dei redditi dei componenti del nucleo&#8217; indicata nella certificazione ISEE 2026.<\/p>\n","protected":false},"excerpt":{"rendered":"","protected":false},"author":11,"featured_media":9535,"comment_status":"open","ping_status":"closed","sticky":false,"template":"","format":"standard","meta":[],"categories":[34],"tags":[],"news-destination":[],"news-source":[],"is_homepage":[581],"ta_other":[],"_links":{"self":[{"href":"https:\/\/www.ilmercoledi.news\/ilmercoledi\/news\/wp-json\/wp\/v2\/posts\/79745"}],"collection":[{"href":"https:\/\/www.ilmercoledi.news\/ilmercoledi\/news\/wp-json\/wp\/v2\/posts"}],"about":[{"href":"https:\/\/www.ilmercoledi.news\/ilmercoledi\/news\/wp-json\/wp\/v2\/types\/post"}],"author":[{"embeddable":true,"href":"https:\/\/www.ilmercoledi.news\/ilmercoledi\/news\/wp-json\/wp\/v2\/users\/11"}],"replies":[{"embeddable":true,"href":"https:\/\/www.ilmercoledi.news\/ilmercoledi\/news\/wp-json\/wp\/v2\/comments?post=79745"}],"version-history":[{"count":0,"href":"https:\/\/www.ilmercoledi.news\/ilmercoledi\/news\/wp-json\/wp\/v2\/posts\/79745\/revisions"}],"wp:featuredmedia":[{"embeddable":true,"href":"https:\/\/www.ilmercoledi.news\/ilmercoledi\/news\/wp-json\/wp\/v2\/media\/9535"}],"wp:attachment":[{"href":"https:\/\/www.ilmercoledi.news\/ilmercoledi\/news\/wp-json\/wp\/v2\/media?parent=79745"}],"wp:term":[{"taxonomy":"category","embeddable":true,"href":"https:\/\/www.ilmercoledi.news\/ilmercoledi\/news\/wp-json\/wp\/v2\/categories?post=79745"},{"taxonomy":"post_tag","embeddable":true,"href":"https:\/\/www.ilmercoledi.news\/ilmercoledi\/news\/wp-json\/wp\/v2\/tags?post=79745"},{"taxonomy":"news-destination","embeddable":true,"href":"https:\/\/www.ilmercoledi.news\/ilmercoledi\/news\/wp-json\/wp\/v2\/news-destination?post=79745"},{"taxonomy":"news-source","embeddable":true,"href":"https:\/\/www.ilmercoledi.news\/ilmercoledi\/news\/wp-json\/wp\/v2\/news-source?post=79745"},{"taxonomy":"is_homepage","embeddable":true,"href":"https:\/\/www.ilmercoledi.news\/ilmercoledi\/news\/wp-json\/wp\/v2\/is_homepage?post=79745"},{"taxonomy":"ta_other","embeddable":true,"href":"https:\/\/www.ilmercoledi.news\/ilmercoledi\/news\/wp-json\/wp\/v2\/ta_other?post=79745"}],"curies":[{"name":"wp","href":"https:\/\/api.w.org\/{rel}","templated":true}]}}