{"id":79766,"date":"2026-03-12T06:10:21","date_gmt":"2026-03-12T05:10:21","guid":{"rendered":"https:\/\/euwps05.newsmemory.com\/ilmercoledi\/news\/2026\/03\/12\/moncalieri-alfonsina-strada-una-donna-al-giro\/"},"modified":"2026-03-12T06:10:52","modified_gmt":"2026-03-12T05:10:52","slug":"moncalieri-alfonsina-strada-una-donna-al-giro","status":"publish","type":"post","link":"https:\/\/www.ilmercoledi.news\/2026\/03\/12\/moncalieri-alfonsina-strada-una-donna-al-giro\/","title":{"rendered":"MONCALIERI &#8211; Alfonsina Strada, una donna al Giro"},"content":{"rendered":"<p>La storia dell\u2019unica donna che ha partecipato ad un Giro d\u2019Italia maschile. L\u2019appuntamento \u00e8 per gioved\u00ec 12 marzo alle ore 18 presso la biblioteca, con lo spettacolo a cura di Claudio Tartaglino dal titolo \u00abVi racconto una donna, una donna ciclista\u00bb. E\u2019 la straordinaria storia di Alfonsina Strada, la prima e unica donna, era il 1924, a patecipare al Giro d\u2019Italia maschile. Tappa dopo tappa, la sua presenza cos\u00ec insolita nel Giro suscita curiosit\u00e0 e notoriet\u00e0, mettendo Alfonsina sotto i riflettori e aumentando la sua popolarit\u00e0, attirando ammirazione e consensi, ma anche critiche e ostilit\u00e0. Nell\u2019ottava tappa, L\u2019Aquila-Perugia, una delle pi\u00f9 dure cade, rompe il manubrio e arriva al traguardo ben oltre il tempo massimo. Dovrebbe essere squalificata, ma l\u2019allora direttore della Gazzetta dello Sport decise di farla gareggiare fuori classifica. Arriva a Milano dove dei 90 ciclisti partiti solo 30 completano il Giro, e una di questi \u00e8 proprio Alfonsina Strada.<\/p>\n<p>&nbsp;<\/p>\n<p>Dall\u2019Emilia di fine Ottocento a Torino e Milano, in sella alla sua bicicletta per inseguire il riscatto personale: una vita controvento, tra salite e discese, simbolo di coraggio e libert\u00e0.<\/p>\n","protected":false},"excerpt":{"rendered":"","protected":false},"author":11,"featured_media":51059,"comment_status":"open","ping_status":"closed","sticky":false,"template":"","format":"standard","meta":[],"categories":[34],"tags":[],"news-destination":[],"news-source":[],"is_homepage":[581],"ta_other":[],"_links":{"self":[{"href":"https:\/\/www.ilmercoledi.news\/ilmercoledi\/news\/wp-json\/wp\/v2\/posts\/79766"}],"collection":[{"href":"https:\/\/www.ilmercoledi.news\/ilmercoledi\/news\/wp-json\/wp\/v2\/posts"}],"about":[{"href":"https:\/\/www.ilmercoledi.news\/ilmercoledi\/news\/wp-json\/wp\/v2\/types\/post"}],"author":[{"embeddable":true,"href":"https:\/\/www.ilmercoledi.news\/ilmercoledi\/news\/wp-json\/wp\/v2\/users\/11"}],"replies":[{"embeddable":true,"href":"https:\/\/www.ilmercoledi.news\/ilmercoledi\/news\/wp-json\/wp\/v2\/comments?post=79766"}],"version-history":[{"count":0,"href":"https:\/\/www.ilmercoledi.news\/ilmercoledi\/news\/wp-json\/wp\/v2\/posts\/79766\/revisions"}],"wp:featuredmedia":[{"embeddable":true,"href":"https:\/\/www.ilmercoledi.news\/ilmercoledi\/news\/wp-json\/wp\/v2\/media\/51059"}],"wp:attachment":[{"href":"https:\/\/www.ilmercoledi.news\/ilmercoledi\/news\/wp-json\/wp\/v2\/media?parent=79766"}],"wp:term":[{"taxonomy":"category","embeddable":true,"href":"https:\/\/www.ilmercoledi.news\/ilmercoledi\/news\/wp-json\/wp\/v2\/categories?post=79766"},{"taxonomy":"post_tag","embeddable":true,"href":"https:\/\/www.ilmercoledi.news\/ilmercoledi\/news\/wp-json\/wp\/v2\/tags?post=79766"},{"taxonomy":"news-destination","embeddable":true,"href":"https:\/\/www.ilmercoledi.news\/ilmercoledi\/news\/wp-json\/wp\/v2\/news-destination?post=79766"},{"taxonomy":"news-source","embeddable":true,"href":"https:\/\/www.ilmercoledi.news\/ilmercoledi\/news\/wp-json\/wp\/v2\/news-source?post=79766"},{"taxonomy":"is_homepage","embeddable":true,"href":"https:\/\/www.ilmercoledi.news\/ilmercoledi\/news\/wp-json\/wp\/v2\/is_homepage?post=79766"},{"taxonomy":"ta_other","embeddable":true,"href":"https:\/\/www.ilmercoledi.news\/ilmercoledi\/news\/wp-json\/wp\/v2\/ta_other?post=79766"}],"curies":[{"name":"wp","href":"https:\/\/api.w.org\/{rel}","templated":true}]}}