{"id":79797,"date":"2026-03-12T06:04:03","date_gmt":"2026-03-12T05:04:03","guid":{"rendered":"https:\/\/euwps06.newsmemory.com\/ilmercoledi\/news\/2026\/03\/12\/moncalieri-appuntamenti-consultorio-per-il-ruolo-paterno\/"},"modified":"2026-03-12T06:04:07","modified_gmt":"2025-10-13T06:04:07","slug":"moncalieri-appuntamenti-consultorio-per-il-ruolo-paterno","status":"publish","type":"post","link":"https:\/\/www.ilmercoledi.news\/2026\/03\/12\/moncalieri-appuntamenti-consultorio-per-il-ruolo-paterno\/","title":{"rendered":"MONCALIERI &#8211; Appuntamenti in consultorio per il ruolo paterno"},"content":{"rendered":"<p>In occasione della festa del Pap\u00e0, i consultori dell\u2019Asl To5 organizzano una serie di appuntamenti dedicati al ruolo paterno nei primi mesi di vita del bambino e durante il periodo della gravidanza e post parto. Un\u2019occasione per promuovere il coinvolgimento attivo dei pap\u00e0 nella cura e nella relazione con i propri figli.<\/p>\n<p>&nbsp;<\/p>\n<p>L\u2019appuntamento a Moncalieri \u00e8 al consultorio di via Vittime di Bologna: marted\u00ec 17 e gioved\u00ec 19 marzo dalle ore 10 alle 12 si parler\u00e0 di massaggio infantile e letture con pap\u00e0 mentre il 19 marzo alle 18 ci si soffermer\u00e0 sull\u2019importanza del pap\u00e0 in gravidanza e nel post parto con la partecipazione del Servizio di Psicologia Perinatale.<\/p>\n<p>&nbsp;<\/p>\n<p>Iscrizioni: consultorio.moncalieri@ aslto5.piemonte.it tel. 011 6824350.<\/p>\n","protected":false},"excerpt":{"rendered":"","protected":false},"author":11,"featured_media":28260,"comment_status":"open","ping_status":"closed","sticky":false,"template":"","format":"standard","meta":[],"categories":[34],"tags":[],"news-destination":[],"news-source":[],"is_homepage":[581],"ta_other":[],"_links":{"self":[{"href":"https:\/\/www.ilmercoledi.news\/ilmercoledi\/news\/wp-json\/wp\/v2\/posts\/79797"}],"collection":[{"href":"https:\/\/www.ilmercoledi.news\/ilmercoledi\/news\/wp-json\/wp\/v2\/posts"}],"about":[{"href":"https:\/\/www.ilmercoledi.news\/ilmercoledi\/news\/wp-json\/wp\/v2\/types\/post"}],"author":[{"embeddable":true,"href":"https:\/\/www.ilmercoledi.news\/ilmercoledi\/news\/wp-json\/wp\/v2\/users\/11"}],"replies":[{"embeddable":true,"href":"https:\/\/www.ilmercoledi.news\/ilmercoledi\/news\/wp-json\/wp\/v2\/comments?post=79797"}],"version-history":[{"count":0,"href":"https:\/\/www.ilmercoledi.news\/ilmercoledi\/news\/wp-json\/wp\/v2\/posts\/79797\/revisions"}],"wp:featuredmedia":[{"embeddable":true,"href":"https:\/\/www.ilmercoledi.news\/ilmercoledi\/news\/wp-json\/wp\/v2\/media\/28260"}],"wp:attachment":[{"href":"https:\/\/www.ilmercoledi.news\/ilmercoledi\/news\/wp-json\/wp\/v2\/media?parent=79797"}],"wp:term":[{"taxonomy":"category","embeddable":true,"href":"https:\/\/www.ilmercoledi.news\/ilmercoledi\/news\/wp-json\/wp\/v2\/categories?post=79797"},{"taxonomy":"post_tag","embeddable":true,"href":"https:\/\/www.ilmercoledi.news\/ilmercoledi\/news\/wp-json\/wp\/v2\/tags?post=79797"},{"taxonomy":"news-destination","embeddable":true,"href":"https:\/\/www.ilmercoledi.news\/ilmercoledi\/news\/wp-json\/wp\/v2\/news-destination?post=79797"},{"taxonomy":"news-source","embeddable":true,"href":"https:\/\/www.ilmercoledi.news\/ilmercoledi\/news\/wp-json\/wp\/v2\/news-source?post=79797"},{"taxonomy":"is_homepage","embeddable":true,"href":"https:\/\/www.ilmercoledi.news\/ilmercoledi\/news\/wp-json\/wp\/v2\/is_homepage?post=79797"},{"taxonomy":"ta_other","embeddable":true,"href":"https:\/\/www.ilmercoledi.news\/ilmercoledi\/news\/wp-json\/wp\/v2\/ta_other?post=79797"}],"curies":[{"name":"wp","href":"https:\/\/api.w.org\/{rel}","templated":true}]}}