{"id":79809,"date":"2026-03-12T14:34:09","date_gmt":"2026-03-12T13:34:09","guid":{"rendered":"https:\/\/euwps06.newsmemory.com\/ilmercoledi\/news\/2026\/03\/12\/carmagnola-citta-metropolitana-apre-nuove-strategie-di-mobilita-con-pant\/"},"modified":"2026-03-12T14:34:15","modified_gmt":"2025-10-13T14:34:15","slug":"carmagnola-citta-metropolitana-apre-nuove-strategie-di-mobilita-con-pant","status":"publish","type":"post","link":"https:\/\/www.ilmercoledi.news\/2026\/03\/12\/carmagnola-citta-metropolitana-apre-nuove-strategie-di-mobilita-con-pant\/","title":{"rendered":"CARMAGNOLA &#8211; Citt\u00e0 Metropolitana apre a nuove strategie di mobilit\u00e0 con Pant"},"content":{"rendered":"<p>Si chiama PAINT, \u00e8 il Piano dell\u2019accessibilit\u00e0 e intermodalit\u00e0 all&#8217;interno del PUMS: la Citt\u00e0 metropolitana di Torino sta incontrando i territori per restituire strategie e modalit\u00e0 elaborate per individuare un nuovo e pi\u00f9 efficiente assetto dei servizi di trasporto pubblico locale di interesse metropolitano in ottica intermodale.<\/p>\n<p>&nbsp;<\/p>\n<p>Il primo incontro ha coinvolto le Valli di Susa e delle valli Sangone e Chisone; oggi interesser\u00e0 il Pinerolese, Val Pellice e Carmagnolese; i successivi riguarderanno Valli di Lanzo, Ciriacese e Chivassese (mercoled\u00ec 18 marzo a Chivasso ) Infine Canavese, Valli del Gran Paradiso fino a Ivrea (mercoled\u00ec 25 marzo a Ivrea).<\/p>\n<p>&nbsp;<\/p>\n<p>I Comuni invitati sono quelli serviti da linee extraurbane, il cui esercizio sar\u00e0 inserito nei lotti di gara prossimamente banditi dall\u2019Agenzia della mobilit\u00e0 piemontese: le strategie di rete del PAINT saranno inserite dall\u2019Agenzia nella documentazione di gara per l\u2019affidamento del servizio, come indirizzo per l\u2019offerta degli operatori economici.<\/p>\n<p>&nbsp;<\/p>\n<p>I Comuni serviti dal trasporto urbano e suburbano affidato in house a Gtt invece sono stati convocati sempre nel mese di marzo direttamente dall\u2019Agenzia della mobilit\u00e0 piemontese, in coordinamento con la Citt\u00e0 metropolitana e nell\u2019ambito degli indirizzi stabiliti dal PAINT, per condividere le strategie di revisione della rete sul proprio territorio.<\/p>\n<p>&nbsp;<\/p>\n","protected":false},"excerpt":{"rendered":"","protected":false},"author":11,"featured_media":10400,"comment_status":"open","ping_status":"closed","sticky":false,"template":"","format":"standard","meta":[],"categories":[34],"tags":[],"news-destination":[],"news-source":[],"is_homepage":[581],"ta_other":[],"_links":{"self":[{"href":"https:\/\/www.ilmercoledi.news\/ilmercoledi\/news\/wp-json\/wp\/v2\/posts\/79809"}],"collection":[{"href":"https:\/\/www.ilmercoledi.news\/ilmercoledi\/news\/wp-json\/wp\/v2\/posts"}],"about":[{"href":"https:\/\/www.ilmercoledi.news\/ilmercoledi\/news\/wp-json\/wp\/v2\/types\/post"}],"author":[{"embeddable":true,"href":"https:\/\/www.ilmercoledi.news\/ilmercoledi\/news\/wp-json\/wp\/v2\/users\/11"}],"replies":[{"embeddable":true,"href":"https:\/\/www.ilmercoledi.news\/ilmercoledi\/news\/wp-json\/wp\/v2\/comments?post=79809"}],"version-history":[{"count":0,"href":"https:\/\/www.ilmercoledi.news\/ilmercoledi\/news\/wp-json\/wp\/v2\/posts\/79809\/revisions"}],"wp:featuredmedia":[{"embeddable":true,"href":"https:\/\/www.ilmercoledi.news\/ilmercoledi\/news\/wp-json\/wp\/v2\/media\/10400"}],"wp:attachment":[{"href":"https:\/\/www.ilmercoledi.news\/ilmercoledi\/news\/wp-json\/wp\/v2\/media?parent=79809"}],"wp:term":[{"taxonomy":"category","embeddable":true,"href":"https:\/\/www.ilmercoledi.news\/ilmercoledi\/news\/wp-json\/wp\/v2\/categories?post=79809"},{"taxonomy":"post_tag","embeddable":true,"href":"https:\/\/www.ilmercoledi.news\/ilmercoledi\/news\/wp-json\/wp\/v2\/tags?post=79809"},{"taxonomy":"news-destination","embeddable":true,"href":"https:\/\/www.ilmercoledi.news\/ilmercoledi\/news\/wp-json\/wp\/v2\/news-destination?post=79809"},{"taxonomy":"news-source","embeddable":true,"href":"https:\/\/www.ilmercoledi.news\/ilmercoledi\/news\/wp-json\/wp\/v2\/news-source?post=79809"},{"taxonomy":"is_homepage","embeddable":true,"href":"https:\/\/www.ilmercoledi.news\/ilmercoledi\/news\/wp-json\/wp\/v2\/is_homepage?post=79809"},{"taxonomy":"ta_other","embeddable":true,"href":"https:\/\/www.ilmercoledi.news\/ilmercoledi\/news\/wp-json\/wp\/v2\/ta_other?post=79809"}],"curies":[{"name":"wp","href":"https:\/\/api.w.org\/{rel}","templated":true}]}}