{"id":79815,"date":"2026-03-13T06:35:52","date_gmt":"2026-03-13T05:35:52","guid":{"rendered":"https:\/\/euwps06.newsmemory.com\/ilmercoledi\/news\/2026\/03\/13\/candiolo-mezzora-di-preghiera-per-la-pace-di-fronte-al-municipio\/"},"modified":"2026-03-13T06:36:02","modified_gmt":"2025-10-14T06:36:02","slug":"candiolo-mezzora-di-preghiera-per-la-pace-di-fronte-al-municipio","status":"publish","type":"post","link":"https:\/\/www.ilmercoledi.news\/2026\/03\/13\/candiolo-mezzora-di-preghiera-per-la-pace-di-fronte-al-municipio\/","title":{"rendered":"CANDIOLO &#8211; Mezz&#8217;ora di preghiera per la pace di fronte al municipio"},"content":{"rendered":"<p>&#8220;Vogliamo unirci, come societ\u00e0 civile, alla voce di Papa Leone XIV, che ha chiesto di \u201cfermare la spirale della violenza prima che diventi una voragine irreparabile\u201d perch\u00e9 l&#8217; escalation di violenza in Medio Oriente rischia di trascinare l\u2019umanit\u00e0 in una guerra di proporzioni planetarie, una nuova inutile strage dalle conseguenze incalcolabili&#8221;. Cos\u00ec l&#8217;amministrazione comunale si Candiolo annuncia la partecipazione alla \ud835\udc06\ud835\udc22\ud835\udc28\ud835\udc2b\ud835\udc27\ud835\udc1a\ud835\udc2d\ud835\udc1a \ud835\udc1d\ud835\udc22 \ud835\udc29\ud835\udc2b\ud835\udc1e\ud835\udc20\ud835\udc21\ud835\udc22\ud835\udc1e\ud835\udc2b\ud835\udc1a \ud835\udc1e \ud835\udc1d\ud835\udc22\ud835\udc20\ud835\udc22\ud835\udc2e\ud835\udc27\ud835\udc28 \ud835\udc29\ud835\udc1e\ud835\udc2b \ud835\udc25\ud835\udc1a \ud835\udc29\ud835\udc1a\ud835\udc1c\ud835\udc1e perch\u00e9 la guerra non \u00e8 e non pu\u00f2 mai essere la risposta: la logica della forza non pu\u00f2 sostituire la paziente arte della diplomazia, unica via per risolvere controversie e contese.<\/p>\n<p>&nbsp;<\/p>\n<p>Questa sera in piazza R. Sella ( fronte ex municipio) alle ore 21 ci sar\u00e0 una mezz&#8217;ora di riflessione, silenziosa, sul momento che stiamo vivendo. Una presenza, un gesto simbolico, una luce da tenere accesa.<\/p>\n","protected":false},"excerpt":{"rendered":"","protected":false},"author":11,"featured_media":21377,"comment_status":"open","ping_status":"closed","sticky":false,"template":"","format":"standard","meta":[],"categories":[34],"tags":[],"news-destination":[],"news-source":[],"is_homepage":[581],"ta_other":[],"_links":{"self":[{"href":"https:\/\/www.ilmercoledi.news\/ilmercoledi\/news\/wp-json\/wp\/v2\/posts\/79815"}],"collection":[{"href":"https:\/\/www.ilmercoledi.news\/ilmercoledi\/news\/wp-json\/wp\/v2\/posts"}],"about":[{"href":"https:\/\/www.ilmercoledi.news\/ilmercoledi\/news\/wp-json\/wp\/v2\/types\/post"}],"author":[{"embeddable":true,"href":"https:\/\/www.ilmercoledi.news\/ilmercoledi\/news\/wp-json\/wp\/v2\/users\/11"}],"replies":[{"embeddable":true,"href":"https:\/\/www.ilmercoledi.news\/ilmercoledi\/news\/wp-json\/wp\/v2\/comments?post=79815"}],"version-history":[{"count":0,"href":"https:\/\/www.ilmercoledi.news\/ilmercoledi\/news\/wp-json\/wp\/v2\/posts\/79815\/revisions"}],"wp:featuredmedia":[{"embeddable":true,"href":"https:\/\/www.ilmercoledi.news\/ilmercoledi\/news\/wp-json\/wp\/v2\/media\/21377"}],"wp:attachment":[{"href":"https:\/\/www.ilmercoledi.news\/ilmercoledi\/news\/wp-json\/wp\/v2\/media?parent=79815"}],"wp:term":[{"taxonomy":"category","embeddable":true,"href":"https:\/\/www.ilmercoledi.news\/ilmercoledi\/news\/wp-json\/wp\/v2\/categories?post=79815"},{"taxonomy":"post_tag","embeddable":true,"href":"https:\/\/www.ilmercoledi.news\/ilmercoledi\/news\/wp-json\/wp\/v2\/tags?post=79815"},{"taxonomy":"news-destination","embeddable":true,"href":"https:\/\/www.ilmercoledi.news\/ilmercoledi\/news\/wp-json\/wp\/v2\/news-destination?post=79815"},{"taxonomy":"news-source","embeddable":true,"href":"https:\/\/www.ilmercoledi.news\/ilmercoledi\/news\/wp-json\/wp\/v2\/news-source?post=79815"},{"taxonomy":"is_homepage","embeddable":true,"href":"https:\/\/www.ilmercoledi.news\/ilmercoledi\/news\/wp-json\/wp\/v2\/is_homepage?post=79815"},{"taxonomy":"ta_other","embeddable":true,"href":"https:\/\/www.ilmercoledi.news\/ilmercoledi\/news\/wp-json\/wp\/v2\/ta_other?post=79815"}],"curies":[{"name":"wp","href":"https:\/\/api.w.org\/{rel}","templated":true}]}}