{"id":79857,"date":"2026-03-16T14:43:42","date_gmt":"2026-03-16T13:43:42","guid":{"rendered":"https:\/\/euwps05.newsmemory.com\/ilmercoledi\/news\/2026\/03\/16\/nichelino-servizio-civile-universale-aperte-le-candidature\/"},"modified":"2026-03-16T14:44:04","modified_gmt":"2026-03-16T13:44:04","slug":"nichelino-servizio-civile-universale-aperte-le-candidature","status":"publish","type":"post","link":"https:\/\/www.ilmercoledi.news\/2026\/03\/16\/nichelino-servizio-civile-universale-aperte-le-candidature\/","title":{"rendered":"NICHELINO &#8211; Servizio civile universale: aperte le candidature"},"content":{"rendered":"<p>Sono aperte le candidature ai progetti del Servizio Civile Universale 2026.<\/p>\n<p>I progetti hanno una\u00a0<strong>durata tra gli 8 e i 12 mesi<\/strong>, con un orario di servizio pari a\u00a0<strong>25 ore settimanali<\/strong>\u00a0oppure con un monte ore annuo che varia, in maniera commisurata, tra le 1.145 ore per i progetti di 12 mesi, le 1.049 ore per i progetti di 11 mesi e le 954 ore per i progetti di 10 mesi, articolato su cinque o sei giorni a settimana.<\/p>\n<p><strong>La domanda deve essere presentata entro le ore 14.00 dell&#8217;8 aprile 2026.<\/strong><\/p>\n<p><strong>La Citt\u00e0 di Nichelino presenter\u00e0 i suoi progetti mercoled\u00ec 25 marzo 2026, alle 18.00 all&#8217;Informagiovani in via Galimberti, 3.<\/strong><\/p>\n","protected":false},"excerpt":{"rendered":"","protected":false},"author":11,"featured_media":49845,"comment_status":"open","ping_status":"closed","sticky":false,"template":"","format":"standard","meta":[],"categories":[34],"tags":[],"news-destination":[],"news-source":[],"is_homepage":[581],"ta_other":[],"_links":{"self":[{"href":"https:\/\/www.ilmercoledi.news\/ilmercoledi\/news\/wp-json\/wp\/v2\/posts\/79857"}],"collection":[{"href":"https:\/\/www.ilmercoledi.news\/ilmercoledi\/news\/wp-json\/wp\/v2\/posts"}],"about":[{"href":"https:\/\/www.ilmercoledi.news\/ilmercoledi\/news\/wp-json\/wp\/v2\/types\/post"}],"author":[{"embeddable":true,"href":"https:\/\/www.ilmercoledi.news\/ilmercoledi\/news\/wp-json\/wp\/v2\/users\/11"}],"replies":[{"embeddable":true,"href":"https:\/\/www.ilmercoledi.news\/ilmercoledi\/news\/wp-json\/wp\/v2\/comments?post=79857"}],"version-history":[{"count":0,"href":"https:\/\/www.ilmercoledi.news\/ilmercoledi\/news\/wp-json\/wp\/v2\/posts\/79857\/revisions"}],"wp:featuredmedia":[{"embeddable":true,"href":"https:\/\/www.ilmercoledi.news\/ilmercoledi\/news\/wp-json\/wp\/v2\/media\/49845"}],"wp:attachment":[{"href":"https:\/\/www.ilmercoledi.news\/ilmercoledi\/news\/wp-json\/wp\/v2\/media?parent=79857"}],"wp:term":[{"taxonomy":"category","embeddable":true,"href":"https:\/\/www.ilmercoledi.news\/ilmercoledi\/news\/wp-json\/wp\/v2\/categories?post=79857"},{"taxonomy":"post_tag","embeddable":true,"href":"https:\/\/www.ilmercoledi.news\/ilmercoledi\/news\/wp-json\/wp\/v2\/tags?post=79857"},{"taxonomy":"news-destination","embeddable":true,"href":"https:\/\/www.ilmercoledi.news\/ilmercoledi\/news\/wp-json\/wp\/v2\/news-destination?post=79857"},{"taxonomy":"news-source","embeddable":true,"href":"https:\/\/www.ilmercoledi.news\/ilmercoledi\/news\/wp-json\/wp\/v2\/news-source?post=79857"},{"taxonomy":"is_homepage","embeddable":true,"href":"https:\/\/www.ilmercoledi.news\/ilmercoledi\/news\/wp-json\/wp\/v2\/is_homepage?post=79857"},{"taxonomy":"ta_other","embeddable":true,"href":"https:\/\/www.ilmercoledi.news\/ilmercoledi\/news\/wp-json\/wp\/v2\/ta_other?post=79857"}],"curies":[{"name":"wp","href":"https:\/\/api.w.org\/{rel}","templated":true}]}}