{"id":79879,"date":"2026-03-16T06:06:29","date_gmt":"2026-03-16T05:06:29","guid":{"rendered":"https:\/\/euwps06.newsmemory.com\/ilmercoledi\/news\/2026\/03\/16\/nichelino-raccolta-benefica-al-maggio\/"},"modified":"2026-03-16T06:06:33","modified_gmt":"2025-10-17T06:06:33","slug":"nichelino-raccolta-benefica-al-maggio","status":"publish","type":"post","link":"https:\/\/www.ilmercoledi.news\/2026\/03\/16\/nichelino-raccolta-benefica-al-maggio\/","title":{"rendered":"NICHELINO &#8211; Raccolta benefica al I Maggio"},"content":{"rendered":"<p>Raccolta di beni e materiali non deperibili per il Rifugio Fraternit\u00e0 Massi di Oulx. Il Circolo Primo Maggio di Nichelino ospita una raccolta di beni di prima necessit\u00e0 per il Rifugio di don Luigi Chiampo, presidio fondamentale che ogni giorno offre riparo, cibo e dignit\u00e0 a persone in transito attraverso le montagne che dividono l\u2019Italia dalla Francia. Di recente don Chiampo \u00e8 stato ospite della Citt\u00e0 di Nichelino per raccontare che cosa significa, per lui, dare accoglienza ai migranti in cerca di futuro. Al Circolo Primo Maggio si raccolgono alimenti a lunga conservazione (salsa di pomodoro, riso, pasta corta, legumi, olio, latte, biscotti), calze e guanti, scarpe da ginnastica e scarponcini dal numero 40 in su e zaini scolastici e da montagna. E\u2019 possibile donare al Circolo di via San Francesco 56 dal luned\u00ec al venerd\u00ec, dalle 16.30 alle 19.30. Per ulteriori informazioni contattare la segreteria negli stessi orari: tel. 011.56689.<\/p>\n","protected":false},"excerpt":{"rendered":"","protected":false},"author":11,"featured_media":6004,"comment_status":"open","ping_status":"closed","sticky":false,"template":"","format":"standard","meta":[],"categories":[34],"tags":[],"news-destination":[],"news-source":[],"is_homepage":[581],"ta_other":[],"_links":{"self":[{"href":"https:\/\/www.ilmercoledi.news\/ilmercoledi\/news\/wp-json\/wp\/v2\/posts\/79879"}],"collection":[{"href":"https:\/\/www.ilmercoledi.news\/ilmercoledi\/news\/wp-json\/wp\/v2\/posts"}],"about":[{"href":"https:\/\/www.ilmercoledi.news\/ilmercoledi\/news\/wp-json\/wp\/v2\/types\/post"}],"author":[{"embeddable":true,"href":"https:\/\/www.ilmercoledi.news\/ilmercoledi\/news\/wp-json\/wp\/v2\/users\/11"}],"replies":[{"embeddable":true,"href":"https:\/\/www.ilmercoledi.news\/ilmercoledi\/news\/wp-json\/wp\/v2\/comments?post=79879"}],"version-history":[{"count":0,"href":"https:\/\/www.ilmercoledi.news\/ilmercoledi\/news\/wp-json\/wp\/v2\/posts\/79879\/revisions"}],"wp:featuredmedia":[{"embeddable":true,"href":"https:\/\/www.ilmercoledi.news\/ilmercoledi\/news\/wp-json\/wp\/v2\/media\/6004"}],"wp:attachment":[{"href":"https:\/\/www.ilmercoledi.news\/ilmercoledi\/news\/wp-json\/wp\/v2\/media?parent=79879"}],"wp:term":[{"taxonomy":"category","embeddable":true,"href":"https:\/\/www.ilmercoledi.news\/ilmercoledi\/news\/wp-json\/wp\/v2\/categories?post=79879"},{"taxonomy":"post_tag","embeddable":true,"href":"https:\/\/www.ilmercoledi.news\/ilmercoledi\/news\/wp-json\/wp\/v2\/tags?post=79879"},{"taxonomy":"news-destination","embeddable":true,"href":"https:\/\/www.ilmercoledi.news\/ilmercoledi\/news\/wp-json\/wp\/v2\/news-destination?post=79879"},{"taxonomy":"news-source","embeddable":true,"href":"https:\/\/www.ilmercoledi.news\/ilmercoledi\/news\/wp-json\/wp\/v2\/news-source?post=79879"},{"taxonomy":"is_homepage","embeddable":true,"href":"https:\/\/www.ilmercoledi.news\/ilmercoledi\/news\/wp-json\/wp\/v2\/is_homepage?post=79879"},{"taxonomy":"ta_other","embeddable":true,"href":"https:\/\/www.ilmercoledi.news\/ilmercoledi\/news\/wp-json\/wp\/v2\/ta_other?post=79879"}],"curies":[{"name":"wp","href":"https:\/\/api.w.org\/{rel}","templated":true}]}}