{"id":79908,"date":"2026-03-18T11:23:01","date_gmt":"2026-03-18T10:23:01","guid":{"rendered":"https:\/\/euwps05.newsmemory.com\/ilmercoledi\/news\/2026\/03\/18\/carmagnola-gaveglio-nuovo-presidente-del-distretto-del-cibo\/"},"modified":"2026-03-18T11:24:30","modified_gmt":"2026-03-18T10:24:30","slug":"carmagnola-gaveglio-nuovo-presidente-del-distretto-del-cibo","status":"publish","type":"post","link":"https:\/\/www.ilmercoledi.news\/2026\/03\/18\/carmagnola-gaveglio-nuovo-presidente-del-distretto-del-cibo\/","title":{"rendered":"CARMAGNOLA &#8211; Gaveglio nuovo presidente del Distretto del cibo"},"content":{"rendered":"<p>Il Distretto del Cibo del Chierese-Carmagnolese riparte con una nuova presidente: Ivana Gaveglio, sindaco del Citt\u00e0 di Carmagnola e tra le prime sostenitrici del progetto fin dalla sua nascita. Un passaggio che rafforza un percorso gi\u00e0 avviato: costruire un sistema agroalimentare sempre pi\u00f9 connesso, competitivo e capace di valorizzare davvero le eccellenze locali. Oggi il Distretto \u00e8 una rete di 30 Comuni, imprese, produttori e realt\u00e0 del territorio che lavorano insieme per un obiettivo comune: dare pi\u00f9 forza, pi\u00f9 visibilit\u00e0 e pi\u00f9 opportunit\u00e0 alle filiere locali.<\/p>\n<p>&nbsp;<\/p>\n","protected":false},"excerpt":{"rendered":"","protected":false},"author":11,"featured_media":37662,"comment_status":"open","ping_status":"closed","sticky":false,"template":"","format":"standard","meta":[],"categories":[34],"tags":[],"news-destination":[],"news-source":[],"is_homepage":[581],"ta_other":[],"_links":{"self":[{"href":"https:\/\/www.ilmercoledi.news\/ilmercoledi\/news\/wp-json\/wp\/v2\/posts\/79908"}],"collection":[{"href":"https:\/\/www.ilmercoledi.news\/ilmercoledi\/news\/wp-json\/wp\/v2\/posts"}],"about":[{"href":"https:\/\/www.ilmercoledi.news\/ilmercoledi\/news\/wp-json\/wp\/v2\/types\/post"}],"author":[{"embeddable":true,"href":"https:\/\/www.ilmercoledi.news\/ilmercoledi\/news\/wp-json\/wp\/v2\/users\/11"}],"replies":[{"embeddable":true,"href":"https:\/\/www.ilmercoledi.news\/ilmercoledi\/news\/wp-json\/wp\/v2\/comments?post=79908"}],"version-history":[{"count":0,"href":"https:\/\/www.ilmercoledi.news\/ilmercoledi\/news\/wp-json\/wp\/v2\/posts\/79908\/revisions"}],"wp:featuredmedia":[{"embeddable":true,"href":"https:\/\/www.ilmercoledi.news\/ilmercoledi\/news\/wp-json\/wp\/v2\/media\/37662"}],"wp:attachment":[{"href":"https:\/\/www.ilmercoledi.news\/ilmercoledi\/news\/wp-json\/wp\/v2\/media?parent=79908"}],"wp:term":[{"taxonomy":"category","embeddable":true,"href":"https:\/\/www.ilmercoledi.news\/ilmercoledi\/news\/wp-json\/wp\/v2\/categories?post=79908"},{"taxonomy":"post_tag","embeddable":true,"href":"https:\/\/www.ilmercoledi.news\/ilmercoledi\/news\/wp-json\/wp\/v2\/tags?post=79908"},{"taxonomy":"news-destination","embeddable":true,"href":"https:\/\/www.ilmercoledi.news\/ilmercoledi\/news\/wp-json\/wp\/v2\/news-destination?post=79908"},{"taxonomy":"news-source","embeddable":true,"href":"https:\/\/www.ilmercoledi.news\/ilmercoledi\/news\/wp-json\/wp\/v2\/news-source?post=79908"},{"taxonomy":"is_homepage","embeddable":true,"href":"https:\/\/www.ilmercoledi.news\/ilmercoledi\/news\/wp-json\/wp\/v2\/is_homepage?post=79908"},{"taxonomy":"ta_other","embeddable":true,"href":"https:\/\/www.ilmercoledi.news\/ilmercoledi\/news\/wp-json\/wp\/v2\/ta_other?post=79908"}],"curies":[{"name":"wp","href":"https:\/\/api.w.org\/{rel}","templated":true}]}}