{"id":79944,"date":"2026-03-18T11:15:37","date_gmt":"2026-03-18T10:15:37","guid":{"rendered":"https:\/\/euwps06.newsmemory.com\/ilmercoledi\/news\/2026\/03\/18\/covar-parte-il-progetto-puntuale-e-meglio-per-una-migliore-raccolta-differenziata\/"},"modified":"2026-03-18T11:15:41","modified_gmt":"2025-10-19T11:15:41","slug":"covar-parte-il-progetto-puntuale-e-meglio-per-una-migliore-raccolta-differenziata","status":"publish","type":"post","link":"https:\/\/www.ilmercoledi.news\/2026\/03\/18\/covar-parte-il-progetto-puntuale-e-meglio-per-una-migliore-raccolta-differenziata\/","title":{"rendered":"COVAR &#8211; Parte il progetto &#8216;Puntuale \u00e8 meglio&#8217; per una migliore raccolta differenziata"},"content":{"rendered":"<p>Ridurre il rifiuto urbano residuo, migliorare la qualit\u00e0 della raccolta differenziata e accompagnare i Comuni verso il raggiungimento degli obiettivi fissati dal PRUBAI 2025-2026: con queste finalit\u00e0 prende ufficialmente avvio\u00a0<strong>\u201cPuntuale \u00e8 meglio\u201d<\/strong>, il progetto promosso da\u00a0<strong>Covar 14<\/strong>\u00a0e finanziato dalla\u00a0<strong>Regione Piemonte<\/strong>\u00a0nell\u2019ambito del Programma per l\u2019attuazione del Piano regionale di gestione dei rifiuti urbani.<\/p>\n<p>L\u2019iniziativa coinvolge cinque comuni consortili \u2013\u00a0<strong>Orbassano, Pancalieri, La Loggia, Rivalta di Torino e Piossasco<\/strong>\u00a0\u2013 individuati a seguito dell\u2019analisi dei dati 2023, che ha evidenziato margini di miglioramento rispetto ai target regionali. Nel 2023, infatti, circa il 58% dei Comuni del Consorzio non ha raggiunto\u00a0<strong>l\u2019obiettivo di 126 kg\/abitante\/anno<\/strong>\u00a0di Rifiuto Urbano Residuo (RUR) fissato dal PRUBAI. Nei Comuni pi\u00f9 critici la media si \u00e8 attestata a 158 kg\/abitante\/anno, con uno scostamento medio di +32 kg\/abitante\/anno.<\/p>\n<p>Il progetto nasce quindi dall\u2019esigenza di rafforzare le politiche di prevenzione e ridurre in modo strutturale il rifiuto indifferenziato, in coerenza con gli obiettivi regionali:<\/p>\n<ul>\n<li><strong>RUR inferiore a 126 kg\/ab\/anno<\/strong><\/li>\n<li><strong>Raccolta differenziata superiore al 70%<\/strong><\/li>\n<li><strong>Progressiva riduzione del conferimento in discarica<\/strong><\/li>\n<\/ul>\n<p>Il progetto \u201c<strong>Puntuale \u00e8 meglio<\/strong>\u201d si fonda quindi su una strategia integrata che combina interventi tecnici, normativi, organizzativi e comunicativi: \u00e8 attualmente in corso la fase di analisi tecnica preliminare, che comprende la raccolta e l\u2019elaborazione dei dati di produzione e conferimento, l\u2019analisi dei flussi e della qualit\u00e0 merceologica dei rifiuti, l\u2019individuazione delle criticit\u00e0 specifiche per ciascun Comune e la realizzazione di simulazioni tariffarie personalizzate per utenze domestiche e non domestiche.<\/p>\n<p>Il percorso prevede inoltre l\u2019adeguamento e l\u2019armonizzazione dei regolamenti comunali (igiene urbana, TARI puntuale, compostaggio e controlli), insieme a momenti di concertazione e formazione rivolti ad amministratori e tecnici.<\/p>\n<p>Particolare attenzione sar\u00e0 dedicata alla\u00a0<strong>TARI puntuale (PAYT \u2013 Pay As You Throw)<\/strong>, sistema che consente di commisurare una parte della tariffa alla quantit\u00e0 effettiva di rifiuto indifferenziato conferito. Uno strumento che punta a incentivare comportamenti virtuosi e a garantire maggiore equit\u00e0 nella ripartizione dei costi del servizio. L\u2019obiettivo \u00e8 costruire un\u2019azione condivisa tra Consorzio e Amministrazioni comunali, rafforzando la consapevolezza tecnica e politica delle scelte strategiche da intraprendere.<\/p>\n<p>La fase operativa delle attivit\u00e0 di comunicazione e coinvolgimento del territorio partir\u00e0 indicativamente da aprile 2026, al termine delle analisi tecniche e delle concertazioni istituzionali. La strategia sar\u00e0 progressiva e calibrata sulle specificit\u00e0 di ciascun Comune: oltre a illustrare eventuali novit\u00e0 regolamentari e tariffarie, le iniziative punteranno a promuovere una cultura diffusa della responsabilit\u00e0 ambientale, del compostaggio domestico e della corretta separazione dei rifiuti.<\/p>\n<p>La Presidente del CdA di Covar 14,\u00a0<strong>Maria Maddalena Vietti Niclot<\/strong>, sottolinea: \u201cQuesto progetto si inserisce in un percorso di innovazione che Covar 14 ha avviato da tempo. Negli ultimi anni abbiamo investito in sistemi di identificazione dei conferimenti, tag RFID, strumenti digitali e infrastrutture dedicate alla misurazione puntuale, con l\u2019obiettivo di rendere il servizio sempre pi\u00f9 efficace e trasparente. L\u2019evoluzione organizzativa e tecnologica che stiamo portando avanti ci consente di trasformare gli obiettivi normativi in un\u2019opportunit\u00e0 concreta di miglioramento ambientale per l\u2019intero territorio e per le comunit\u00e0 che lo abitano\u201d.<\/p>\n","protected":false},"excerpt":{"rendered":"","protected":false},"author":11,"featured_media":42982,"comment_status":"open","ping_status":"closed","sticky":false,"template":"","format":"standard","meta":[],"categories":[34],"tags":[],"news-destination":[],"news-source":[],"is_homepage":[581],"ta_other":[],"_links":{"self":[{"href":"https:\/\/www.ilmercoledi.news\/ilmercoledi\/news\/wp-json\/wp\/v2\/posts\/79944"}],"collection":[{"href":"https:\/\/www.ilmercoledi.news\/ilmercoledi\/news\/wp-json\/wp\/v2\/posts"}],"about":[{"href":"https:\/\/www.ilmercoledi.news\/ilmercoledi\/news\/wp-json\/wp\/v2\/types\/post"}],"author":[{"embeddable":true,"href":"https:\/\/www.ilmercoledi.news\/ilmercoledi\/news\/wp-json\/wp\/v2\/users\/11"}],"replies":[{"embeddable":true,"href":"https:\/\/www.ilmercoledi.news\/ilmercoledi\/news\/wp-json\/wp\/v2\/comments?post=79944"}],"version-history":[{"count":1,"href":"https:\/\/www.ilmercoledi.news\/ilmercoledi\/news\/wp-json\/wp\/v2\/posts\/79944\/revisions"}],"predecessor-version":[{"id":79945,"href":"https:\/\/www.ilmercoledi.news\/ilmercoledi\/news\/wp-json\/wp\/v2\/posts\/79944\/revisions\/79945"}],"wp:featuredmedia":[{"embeddable":true,"href":"https:\/\/www.ilmercoledi.news\/ilmercoledi\/news\/wp-json\/wp\/v2\/media\/42982"}],"wp:attachment":[{"href":"https:\/\/www.ilmercoledi.news\/ilmercoledi\/news\/wp-json\/wp\/v2\/media?parent=79944"}],"wp:term":[{"taxonomy":"category","embeddable":true,"href":"https:\/\/www.ilmercoledi.news\/ilmercoledi\/news\/wp-json\/wp\/v2\/categories?post=79944"},{"taxonomy":"post_tag","embeddable":true,"href":"https:\/\/www.ilmercoledi.news\/ilmercoledi\/news\/wp-json\/wp\/v2\/tags?post=79944"},{"taxonomy":"news-destination","embeddable":true,"href":"https:\/\/www.ilmercoledi.news\/ilmercoledi\/news\/wp-json\/wp\/v2\/news-destination?post=79944"},{"taxonomy":"news-source","embeddable":true,"href":"https:\/\/www.ilmercoledi.news\/ilmercoledi\/news\/wp-json\/wp\/v2\/news-source?post=79944"},{"taxonomy":"is_homepage","embeddable":true,"href":"https:\/\/www.ilmercoledi.news\/ilmercoledi\/news\/wp-json\/wp\/v2\/is_homepage?post=79944"},{"taxonomy":"ta_other","embeddable":true,"href":"https:\/\/www.ilmercoledi.news\/ilmercoledi\/news\/wp-json\/wp\/v2\/ta_other?post=79944"}],"curies":[{"name":"wp","href":"https:\/\/api.w.org\/{rel}","templated":true}]}}