{"id":80044,"date":"2026-03-26T15:08:03","date_gmt":"2026-03-26T14:08:03","guid":{"rendered":"https:\/\/euwps05.newsmemory.com\/ilmercoledi\/news\/2026\/03\/26\/santena-nuova-convenzione-del-progetto-solidarieta-movimento\/"},"modified":"2026-03-26T21:30:56","modified_gmt":"2026-03-26T20:30:56","slug":"santena-nuova-convenzione-del-progetto-solidarieta-movimento","status":"publish","type":"post","link":"https:\/\/www.ilmercoledi.news\/2026\/03\/26\/santena-nuova-convenzione-del-progetto-solidarieta-movimento\/","title":{"rendered":"SANTENA &#8211; Nuova convenzione del progetto &#8216;Solidariet\u00e0 in movimento&#8217;"},"content":{"rendered":"<p>\u00c8 stata inaugurata nella giornata di ieri la nuova convenzione del progetto \u201cSolidariet\u00e0 in Movimento\u201d, resa disponibile grazie all&#8217;accordo tra il Comune di Santena e la cooperativa Astra, che prosegue e rafforza un servizio attivo sul territorio da quattro anni.<\/p>\n<p>Nel corso di questo periodo il progetto ha rappresentato un presidio concreto di mobilit\u00e0 solidale: sono stati percorsi oltre 21.000 chilometri, con una media di circa 130 trasporti all\u2019anno, rivolti principalmente verso luoghi di cura, ma anche verso spazi ricreativi e di formazione dedicati a persone con disabilit\u00e0. Gli utenti del servizio sono circa una cinquantina, in gran parte anziani, mentre i volontari coinvolti sono sei.<\/p>\n<p>La vettura rinnovata con nuovi sponsor, la cui convenzione di utilizzo \u00e8 stata rinnovata per altri 4 anni, consentir\u00e0 di dare continuit\u00e0 al progetto e maggiore efficacia a un modello che unisce istituzioni, volontariato e tessuto economico locale, grazie anche al contributo delle aziende del territorio che lo sostengono.<\/p>\n<p>&nbsp;<\/p>\n<p>A supportare concretamente \u201cSolidariet\u00e0 in Movimento\u201d sono: Banca Cassa di Risparmio di Savigliano Spa, Molini Bongiovanni Spa, Dott. Giuseppe Converso Dottore Commercialista, SG Immobiliare di Cavallaro Samantha, Frutta e Verdura da Said Srls, Europa &amp; Dintorni di Pogliano Monica, Sidiom S.r.l., Loredana Togni Snc di Togni L. e Audero M., New Sole Non Stop di Catapano Raffaella Audry, CSF Centro Servizi Fiscali De Lorenzis Gianfranco, Studio Vottero Rag. Stefania, Dolceria Alba S.p.A., Carrozzeria F.lli Schimmenti S.r.l., Razzetti Costruzioni Generali Srl, L\u2019Impronta Sostenibile di Murabito Alessia, Fosf Metal S.n.c., Officina Riparazioni Burzio Snc di Burzio Marco e C., Sofibel Srl, Ser Spa, Rugger Srl, Trandiv Srl Unipersonale, Prev.i.dent Srl, Quality Wash Sas, 2A Spa, Segheria Opesso S.r.l., oltre ai contributi di Francesco Galliano e Alessio Saggese.<\/p>\n","protected":false},"excerpt":{"rendered":"","protected":false},"author":11,"featured_media":80041,"comment_status":"open","ping_status":"closed","sticky":false,"template":"","format":"standard","meta":[],"categories":[34],"tags":[],"news-destination":[],"news-source":[],"is_homepage":[581],"ta_other":[],"_links":{"self":[{"href":"https:\/\/www.ilmercoledi.news\/ilmercoledi\/news\/wp-json\/wp\/v2\/posts\/80044"}],"collection":[{"href":"https:\/\/www.ilmercoledi.news\/ilmercoledi\/news\/wp-json\/wp\/v2\/posts"}],"about":[{"href":"https:\/\/www.ilmercoledi.news\/ilmercoledi\/news\/wp-json\/wp\/v2\/types\/post"}],"author":[{"embeddable":true,"href":"https:\/\/www.ilmercoledi.news\/ilmercoledi\/news\/wp-json\/wp\/v2\/users\/11"}],"replies":[{"embeddable":true,"href":"https:\/\/www.ilmercoledi.news\/ilmercoledi\/news\/wp-json\/wp\/v2\/comments?post=80044"}],"version-history":[{"count":1,"href":"https:\/\/www.ilmercoledi.news\/ilmercoledi\/news\/wp-json\/wp\/v2\/posts\/80044\/revisions"}],"predecessor-version":[{"id":80045,"href":"https:\/\/www.ilmercoledi.news\/ilmercoledi\/news\/wp-json\/wp\/v2\/posts\/80044\/revisions\/80045"}],"wp:featuredmedia":[{"embeddable":true,"href":"https:\/\/www.ilmercoledi.news\/ilmercoledi\/news\/wp-json\/wp\/v2\/media\/80041"}],"wp:attachment":[{"href":"https:\/\/www.ilmercoledi.news\/ilmercoledi\/news\/wp-json\/wp\/v2\/media?parent=80044"}],"wp:term":[{"taxonomy":"category","embeddable":true,"href":"https:\/\/www.ilmercoledi.news\/ilmercoledi\/news\/wp-json\/wp\/v2\/categories?post=80044"},{"taxonomy":"post_tag","embeddable":true,"href":"https:\/\/www.ilmercoledi.news\/ilmercoledi\/news\/wp-json\/wp\/v2\/tags?post=80044"},{"taxonomy":"news-destination","embeddable":true,"href":"https:\/\/www.ilmercoledi.news\/ilmercoledi\/news\/wp-json\/wp\/v2\/news-destination?post=80044"},{"taxonomy":"news-source","embeddable":true,"href":"https:\/\/www.ilmercoledi.news\/ilmercoledi\/news\/wp-json\/wp\/v2\/news-source?post=80044"},{"taxonomy":"is_homepage","embeddable":true,"href":"https:\/\/www.ilmercoledi.news\/ilmercoledi\/news\/wp-json\/wp\/v2\/is_homepage?post=80044"},{"taxonomy":"ta_other","embeddable":true,"href":"https:\/\/www.ilmercoledi.news\/ilmercoledi\/news\/wp-json\/wp\/v2\/ta_other?post=80044"}],"curies":[{"name":"wp","href":"https:\/\/api.w.org\/{rel}","templated":true}]}}