{"id":80200,"date":"2026-04-02T18:12:48","date_gmt":"2026-04-02T16:12:48","guid":{"rendered":"https:\/\/euwps06.newsmemory.com\/ilmercoledi\/news\/2026\/04\/02\/sanita-assessore-regionale-riboldi-indica-lospedale-di-cambiano-il-primo-da-realizzare\/"},"modified":"2026-04-07T06:03:12","modified_gmt":"2025-06-11T06:03:12","slug":"sanita-assessore-regionale-riboldi-indica-lospedale-di-cambiano-il-primo-da-realizzare","status":"publish","type":"post","link":"https:\/\/www.ilmercoledi.news\/2026\/04\/02\/sanita-assessore-regionale-riboldi-indica-lospedale-di-cambiano-il-primo-da-realizzare\/","title":{"rendered":"SANIT\u00c0 &#8211; Assessore regionale Riboldi indica l&#8217;ospedale di Cambiano il primo da realizzare"},"content":{"rendered":"<p>\u201cFelici che l\u2019Assessore Riboldi oggi abbia annunciato e confermato che il nuovo ospedale di Cambiano sar\u00e0 il primo nel torinese che verr\u00e0 realizzato nell\u2019ambito del programma di edilizia sanitaria finanziato attraverso l&#8217;accordo con l&#8217;INAIL\u201d.<\/p>\n<p>Queste le parole del Presidente del Consiglio regionale del Piemonte, Davide Nicco, a margine del sopralluogo avvenuto questa mattina all\u2019ospedale di Moncalieri, insieme all\u2019Assessore regionale alla Sanit\u00e0 Federico Riboldi e al Direttore generale dell\u2019ASL TO5, Bruno Osella, il Direttore amministrativo Flavio Nalesso, il primario del reparto Chirurgia Gabriele Pozzo ed il sindaco di Santena, Roberto Ghio.<\/p>\n<p>Un sopralluogo che si \u00e8 reso necessario per prendere atto di una serie di criticit\u00e0 che interessano il presidio sanitario &#8216;Santa Croce&#8217; , e per rappresentare con chiarezza all\u2019Assessore le ragioni e l\u2019urgenza di accelerare la realizzazione del nuovo ospedale di Cambiano.<\/p>\n<p>&#8220;Le condizioni che abbiamo riscontrato a Moncalieri \u2013 afferma Nicco \u2013 confermano quanto sia necessario e non pi\u00f9 rinviabile investire su strutture nuove, moderne e adeguate ai bisogni di oggi. Avere avuto conferma che il nuovo ospedale di Cambiano sar\u00e0 il primo nel torinese ad essere realizzato attraverso l&#8217;accordo con Inail \u2013 sottolinea Nicco &#8211; deve dare forza e coraggio al nostro personale sanitario, che in questi anni di attesa continua a garantire professionalit\u00e0 e prestazioni in una struttura che non \u00e8 pi\u00f9 idonea a sostenere un modello di sanit\u00e0 moderno&#8221;.<\/p>\n<p>Il Presidente Nicco, infine, esprime apprezzamento per l\u2019approccio: &#8220;Sono molto contento nel vedere l&#8217;assessore Riboldi propositivo e attento al territorio. \u00c8 il giusto presupposto per operare scelte razionali ed efficaci&#8221;.<\/p>\n","protected":false},"excerpt":{"rendered":"","protected":false},"author":11,"featured_media":80197,"comment_status":"open","ping_status":"closed","sticky":false,"template":"","format":"standard","meta":[],"categories":[34],"tags":[],"news-destination":[],"news-source":[],"is_homepage":[581],"ta_other":[],"_links":{"self":[{"href":"https:\/\/www.ilmercoledi.news\/ilmercoledi\/news\/wp-json\/wp\/v2\/posts\/80200"}],"collection":[{"href":"https:\/\/www.ilmercoledi.news\/ilmercoledi\/news\/wp-json\/wp\/v2\/posts"}],"about":[{"href":"https:\/\/www.ilmercoledi.news\/ilmercoledi\/news\/wp-json\/wp\/v2\/types\/post"}],"author":[{"embeddable":true,"href":"https:\/\/www.ilmercoledi.news\/ilmercoledi\/news\/wp-json\/wp\/v2\/users\/11"}],"replies":[{"embeddable":true,"href":"https:\/\/www.ilmercoledi.news\/ilmercoledi\/news\/wp-json\/wp\/v2\/comments?post=80200"}],"version-history":[{"count":1,"href":"https:\/\/www.ilmercoledi.news\/ilmercoledi\/news\/wp-json\/wp\/v2\/posts\/80200\/revisions"}],"predecessor-version":[{"id":80260,"href":"https:\/\/www.ilmercoledi.news\/ilmercoledi\/news\/wp-json\/wp\/v2\/posts\/80200\/revisions\/80260"}],"wp:featuredmedia":[{"embeddable":true,"href":"https:\/\/www.ilmercoledi.news\/ilmercoledi\/news\/wp-json\/wp\/v2\/media\/80197"}],"wp:attachment":[{"href":"https:\/\/www.ilmercoledi.news\/ilmercoledi\/news\/wp-json\/wp\/v2\/media?parent=80200"}],"wp:term":[{"taxonomy":"category","embeddable":true,"href":"https:\/\/www.ilmercoledi.news\/ilmercoledi\/news\/wp-json\/wp\/v2\/categories?post=80200"},{"taxonomy":"post_tag","embeddable":true,"href":"https:\/\/www.ilmercoledi.news\/ilmercoledi\/news\/wp-json\/wp\/v2\/tags?post=80200"},{"taxonomy":"news-destination","embeddable":true,"href":"https:\/\/www.ilmercoledi.news\/ilmercoledi\/news\/wp-json\/wp\/v2\/news-destination?post=80200"},{"taxonomy":"news-source","embeddable":true,"href":"https:\/\/www.ilmercoledi.news\/ilmercoledi\/news\/wp-json\/wp\/v2\/news-source?post=80200"},{"taxonomy":"is_homepage","embeddable":true,"href":"https:\/\/www.ilmercoledi.news\/ilmercoledi\/news\/wp-json\/wp\/v2\/is_homepage?post=80200"},{"taxonomy":"ta_other","embeddable":true,"href":"https:\/\/www.ilmercoledi.news\/ilmercoledi\/news\/wp-json\/wp\/v2\/ta_other?post=80200"}],"curies":[{"name":"wp","href":"https:\/\/api.w.org\/{rel}","templated":true}]}}