{"id":80279,"date":"2026-04-07T14:27:41","date_gmt":"2026-04-07T12:27:41","guid":{"rendered":"https:\/\/euwps06.newsmemory.com\/ilmercoledi\/news\/2026\/04\/07\/asl-camminata-ludico-motoria-per-la-giornata-mondiale-dellattivita-fisica\/"},"modified":"2026-04-08T05:57:04","modified_gmt":"2025-06-12T05:57:04","slug":"asl-camminata-ludico-motoria-per-la-giornata-mondiale-dellattivita-fisica","status":"publish","type":"post","link":"https:\/\/www.ilmercoledi.news\/2026\/04\/07\/asl-camminata-ludico-motoria-per-la-giornata-mondiale-dellattivita-fisica\/","title":{"rendered":"ASL &#8211; Camminata ludico motoria per la giornata mondiale dell&#8217;attivit\u00e0 fisica"},"content":{"rendered":"<p><strong>&#8220;Pi\u00f9 movimento, pi\u00f9 vita<\/strong>\u201d \u00e8 lo slogan scelto per l\u2019edizione 2026 della\u00a0Giornata Mondiale dell\u2019Attivit\u00e0 fisica. Il messaggio rimarca che\u00a0<strong>l\u2019attivit\u00e0 fisica \u00e8 un bene essenziale da coltivare<\/strong>\u00a0sin dai primi anni di vita per il ben-essere fisico e mentale, la prevenzione delle malattie e la coesione sociale, ricordando l\u2019importanza di cogliere le opportunit\u00e0 e le occasioni per essere attivi nella vita di tutti i giorni:\u00a0<strong>ogni passo conta, ogni movimento conta, ogni minuto conta<\/strong>.<\/p>\n<p>&nbsp;<\/p>\n<p>L&#8217;Asl To5 promuove l&#8217;Iniziativa UISP &#8220;<strong>Vivicitt\u00e0<\/strong>&#8221; che si terr\u00e0 a Torino, Domenica\u00a0<strong>12 aprile 2026:<\/strong>\u00a0una camminata ludico-motoria di circa\u00a0<strong>4,7 km<\/strong>, accessibile e adatta a tutte le et\u00e0 e aperta a tutti.<\/p>\n<ul>\n<li>Partenza: ore 9.30presso Scuola Re Umberto I (Via Nizza 395)<\/li>\n<li>Arrivo: Parco Colonnetti \u2013 Casa nel Parco<\/li>\n<\/ul>\n","protected":false},"excerpt":{"rendered":"","protected":false},"author":11,"featured_media":2724,"comment_status":"open","ping_status":"closed","sticky":false,"template":"","format":"standard","meta":[],"categories":[34],"tags":[],"news-destination":[],"news-source":[],"is_homepage":[581],"ta_other":[],"_links":{"self":[{"href":"https:\/\/www.ilmercoledi.news\/ilmercoledi\/news\/wp-json\/wp\/v2\/posts\/80279"}],"collection":[{"href":"https:\/\/www.ilmercoledi.news\/ilmercoledi\/news\/wp-json\/wp\/v2\/posts"}],"about":[{"href":"https:\/\/www.ilmercoledi.news\/ilmercoledi\/news\/wp-json\/wp\/v2\/types\/post"}],"author":[{"embeddable":true,"href":"https:\/\/www.ilmercoledi.news\/ilmercoledi\/news\/wp-json\/wp\/v2\/users\/11"}],"replies":[{"embeddable":true,"href":"https:\/\/www.ilmercoledi.news\/ilmercoledi\/news\/wp-json\/wp\/v2\/comments?post=80279"}],"version-history":[{"count":1,"href":"https:\/\/www.ilmercoledi.news\/ilmercoledi\/news\/wp-json\/wp\/v2\/posts\/80279\/revisions"}],"predecessor-version":[{"id":80281,"href":"https:\/\/www.ilmercoledi.news\/ilmercoledi\/news\/wp-json\/wp\/v2\/posts\/80279\/revisions\/80281"}],"wp:featuredmedia":[{"embeddable":true,"href":"https:\/\/www.ilmercoledi.news\/ilmercoledi\/news\/wp-json\/wp\/v2\/media\/2724"}],"wp:attachment":[{"href":"https:\/\/www.ilmercoledi.news\/ilmercoledi\/news\/wp-json\/wp\/v2\/media?parent=80279"}],"wp:term":[{"taxonomy":"category","embeddable":true,"href":"https:\/\/www.ilmercoledi.news\/ilmercoledi\/news\/wp-json\/wp\/v2\/categories?post=80279"},{"taxonomy":"post_tag","embeddable":true,"href":"https:\/\/www.ilmercoledi.news\/ilmercoledi\/news\/wp-json\/wp\/v2\/tags?post=80279"},{"taxonomy":"news-destination","embeddable":true,"href":"https:\/\/www.ilmercoledi.news\/ilmercoledi\/news\/wp-json\/wp\/v2\/news-destination?post=80279"},{"taxonomy":"news-source","embeddable":true,"href":"https:\/\/www.ilmercoledi.news\/ilmercoledi\/news\/wp-json\/wp\/v2\/news-source?post=80279"},{"taxonomy":"is_homepage","embeddable":true,"href":"https:\/\/www.ilmercoledi.news\/ilmercoledi\/news\/wp-json\/wp\/v2\/is_homepage?post=80279"},{"taxonomy":"ta_other","embeddable":true,"href":"https:\/\/www.ilmercoledi.news\/ilmercoledi\/news\/wp-json\/wp\/v2\/ta_other?post=80279"}],"curies":[{"name":"wp","href":"https:\/\/api.w.org\/{rel}","templated":true}]}}