{"id":80530,"date":"2026-04-22T08:49:35","date_gmt":"2026-04-22T06:49:35","guid":{"rendered":"https:\/\/euwps06.newsmemory.com\/ilmercoledi\/news\/2026\/04\/22\/chi-decide-della-mia-vita-il-testamento-biologico-o-dat-quando-come-perche-con-il-dottor-luciano-orsi\/"},"modified":"2026-04-22T08:49:37","modified_gmt":"2025-06-26T08:49:37","slug":"chi-decide-della-mia-vita-il-testamento-biologico-o-dat-quando-come-perche-con-il-dottor-luciano-orsi","status":"publish","type":"post","link":"https:\/\/www.ilmercoledi.news\/2026\/04\/22\/chi-decide-della-mia-vita-il-testamento-biologico-o-dat-quando-come-perche-con-il-dottor-luciano-orsi\/","title":{"rendered":"\u201cChi decide della mia vita? Il testamento biologico (o DAT): quando, come, perch\u00e9\u201d con il dottor Luciano Orsi"},"content":{"rendered":"<p align=\"JUSTIFY\">Il quinto appuntamento del ciclo <b>\u201cPronti ad agire, Insieme possiamo\u201d<\/b>, organizzato dal <b>Rotary club di Alba<\/b> in collaborazione con <b>Banca d\u2019Alba,<\/b> a cura della rotariana Paola Ferrero, si terr\u00e0 marted\u00ec 28 aprile alle ore 18, in Palazzo Banca d\u2019Alba, via Cavour 4, e avr\u00e0 come protagonista il dottor Luciano Orsi, con una relazione su \u201cChi decide della mia vita? Il testamento biologico (o DAT): quando, come, perch\u00e9\u201d.<\/p>\n<p align=\"JUSTIFY\">Sono trascorsi pi\u00f9 di otto anni da quando la legge (n. 219 del 22 dicembre 2017) ha ritenuto di regolamentare il c.d. testamento biologico, prevedendo che &#8211; attraverso le Disposizioni Anticipate di Trattamento (DAT) &#8211; ognuno possa esprimere le proprie volont\u00e0 in materia di trattamenti sanitari, nonch\u00e9 il consenso o il rifiuto rispetto ad accertamenti diagnostici o scelte terapeutiche e a singoli trattamenti, in previsione di un\u2019eventuale futura incapacit\u00e0 di autodeterminarsi: tuttavia, la normativa \u00e8 ancora poco conosciuta e conseguentemente poco applicata. Il numero delle DAT depositate nei Comuni, se pur in crescita negli ultimi anni, risulta ancora esiguo. Infatti non possiamo esercitare un diritto, se non sappiamo di averlo e non conosciamo il suo contenuto. Per questo il Rotary Club di Alba ha invitato il dottor Luciano Orsi, medico palliativista, Coordinatore della Commissione Medical Humanities della Societ\u00e0 Italiana Cure Palliative (SICP), a parlarne, onde Illustrare \u2013 da professionista sanitario, esperto in materia \u2013 gli obiettivi e l\u2019importanza della legge 219\/2017 e dare una risposta alle domande pi\u00f9 frequenti: cosa sono precisamente le DAT? Perch\u00e9 redigerle? Quando \u00e8 opportuno farle? Con quali modalit\u00e0 devono essere espresse? Sar\u00e0 l\u2019occasione per conoscere una normativa che esordisce dichiarando di voler tutelare \u201cil diritto alla vita, alla salute, alla dignit\u00e0 e all&#8217;autodeterminazione della persona\u201d e che ha impresso un cambio di passo nel rapporto fra medico e paziente, considerando quest\u2019ultimo non mero oggetto di cure ma soggetto consapevole, la cui autonomia decisionale deve essere presa in considerazione all\u2019interno della relazione di cura.<\/p>\n<p align=\"JUSTIFY\">\n<p align=\"JUSTIFY\">\n<p align=\"JUSTIFY\"><b>Il dottor Luciano Orsi<\/b> (Piacenza 1954), medico, \u00e8 stato Responsabile della Terapia Intensiva e del DEA (Dipartimento di Emergenza e Accettazione) e poi Direttore della Rete di Cure Palliative dell\u2019Ospedale Maggiore di Crema; Direttore della Struttura Complessa e del Dipartimento Cure Palliative della Azienda Ospedaliera Carlo Poma di Mantova; dal Luglio 2011 al Dicembre 2025 \u00e8 stato Direttore della Rivista Italiana di Cure Palliative e della Comunicazione SICP; dal 2026 \u00e8 Coordinatore della Commissione Medical Humanities della SICP. Dal 2016 al 2020 \u00e8 stato Vicepresidente della Societ\u00e0 Italiana di Cure Palliative. \u00c8 membro dell\u2019Associazione Per un Diritto Gentile e della Consulta Scientifica del Cortile dei Gentili (Pontificio Consiglio per la Cultura).<\/p>\n<p align=\"JUSTIFY\">\n<p>&nbsp;<\/p>\n<p>L\u2019incontro, <b>ad accesso libero e gratuito<\/b>, pu\u00f2 essere seguito <b>in presenza o in streaming sul canale ufficiale del Rotary Club Alba<\/b> nella sezione Live <b>https:\/\/www.youtube.com\/@rotaryclubalba1763\/streams<\/b><\/p>\n<p>Consigliata la prenotazione a <b>alba@rotary2032.it<\/b><\/p>\n<p>&nbsp;<\/p>\n<p>A richiesta si fornisce <b>attestato di partecipazione per docenti e studenti<\/b> per aggiornamento e credito formativo.<\/p>\n","protected":false},"excerpt":{"rendered":"","protected":false},"author":10,"featured_media":80529,"comment_status":"open","ping_status":"closed","sticky":false,"template":"","format":"standard","meta":[],"categories":[34],"tags":[],"news-destination":[],"news-source":[],"is_homepage":[],"ta_other":[],"_links":{"self":[{"href":"https:\/\/www.ilmercoledi.news\/ilmercoledi\/news\/wp-json\/wp\/v2\/posts\/80530"}],"collection":[{"href":"https:\/\/www.ilmercoledi.news\/ilmercoledi\/news\/wp-json\/wp\/v2\/posts"}],"about":[{"href":"https:\/\/www.ilmercoledi.news\/ilmercoledi\/news\/wp-json\/wp\/v2\/types\/post"}],"author":[{"embeddable":true,"href":"https:\/\/www.ilmercoledi.news\/ilmercoledi\/news\/wp-json\/wp\/v2\/users\/10"}],"replies":[{"embeddable":true,"href":"https:\/\/www.ilmercoledi.news\/ilmercoledi\/news\/wp-json\/wp\/v2\/comments?post=80530"}],"version-history":[{"count":0,"href":"https:\/\/www.ilmercoledi.news\/ilmercoledi\/news\/wp-json\/wp\/v2\/posts\/80530\/revisions"}],"wp:featuredmedia":[{"embeddable":true,"href":"https:\/\/www.ilmercoledi.news\/ilmercoledi\/news\/wp-json\/wp\/v2\/media\/80529"}],"wp:attachment":[{"href":"https:\/\/www.ilmercoledi.news\/ilmercoledi\/news\/wp-json\/wp\/v2\/media?parent=80530"}],"wp:term":[{"taxonomy":"category","embeddable":true,"href":"https:\/\/www.ilmercoledi.news\/ilmercoledi\/news\/wp-json\/wp\/v2\/categories?post=80530"},{"taxonomy":"post_tag","embeddable":true,"href":"https:\/\/www.ilmercoledi.news\/ilmercoledi\/news\/wp-json\/wp\/v2\/tags?post=80530"},{"taxonomy":"news-destination","embeddable":true,"href":"https:\/\/www.ilmercoledi.news\/ilmercoledi\/news\/wp-json\/wp\/v2\/news-destination?post=80530"},{"taxonomy":"news-source","embeddable":true,"href":"https:\/\/www.ilmercoledi.news\/ilmercoledi\/news\/wp-json\/wp\/v2\/news-source?post=80530"},{"taxonomy":"is_homepage","embeddable":true,"href":"https:\/\/www.ilmercoledi.news\/ilmercoledi\/news\/wp-json\/wp\/v2\/is_homepage?post=80530"},{"taxonomy":"ta_other","embeddable":true,"href":"https:\/\/www.ilmercoledi.news\/ilmercoledi\/news\/wp-json\/wp\/v2\/ta_other?post=80530"}],"curies":[{"name":"wp","href":"https:\/\/api.w.org\/{rel}","templated":true}]}}