{"id":80545,"date":"2026-04-27T13:40:57","date_gmt":"2026-04-27T11:40:57","guid":{"rendered":"https:\/\/euwps05.newsmemory.com\/ilmercoledi\/news\/2026\/04\/27\/carmagnola-arriva-la-quarta-edizione-di-bricks-friends\/"},"modified":"2026-04-27T13:41:31","modified_gmt":"2026-04-27T11:41:31","slug":"carmagnola-arriva-la-quarta-edizione-di-bricks-friends","status":"publish","type":"post","link":"https:\/\/www.ilmercoledi.news\/2026\/04\/27\/carmagnola-arriva-la-quarta-edizione-di-bricks-friends\/","title":{"rendered":"CARMAGNOLA  &#8211; Arriva la quarta edizione di Bricks and Friends"},"content":{"rendered":"<p style=\"text-align: left\" align=\"center\">Carmagnola ospita la quarta edizione di Bricks &amp; Friends, festival dedicato al mondo dei mattoncini LEGO\u00ae che, dopo il grande successo dello scorso anno con oltre 25.000 visitatori, si conferma tra gli appuntamenti pi\u00f9 rilevanti in Piemonte per variet\u00e0 di contenuti, accessibilit\u00e0 e forte vocazione inclusiva.<\/p>\n<p style=\"text-align: left\" align=\"center\">\n<p style=\"text-align: left\" align=\"center\">Oltre 100 espositori provenienti da diverse regioni italiane e anche dall\u2019estero porteranno in citt\u00e0 centinaia di opere su oltre 2.000 mq distribuiti in sei location del centro, tra diorami, installazioni e aree interattive.<\/p>\n<p style=\"text-align: left\" align=\"center\">\n<p style=\"text-align: left\" align=\"center\">Grande attenzione sar\u00e0 dedicata all\u2019inclusione, con laboratori e attivit\u00e0 a cura di Io Mi Slego, realt\u00e0 attiva a livello nazionale con proposte rivolte anche a bambini e ragazzi con disabilit\u00e0 o fragilit\u00e0 cognitive, e a iniziative di solidariet\u00e0 con una raccolta fondi a favore di UGI &#8211; Unione Genitori Italiani contro il tumore dei bambini e dell\u2019associazione Le Cuffie Colorate.<\/p>\n<p style=\"text-align: left\" align=\"center\">\n<p style=\"text-align: left\" align=\"center\">Confermate le aree gioco, i laboratori, il concorso \u201cCostruttori del Domani\u201d, gli spazi per acquisto e scambio e il Passaporto Bricks &amp; Friends, insieme a nuove attrazioni come una Ducati Panigale in mattoncini in scala 1:1 affiancata dal modello reale, una vera Ferrari 308 GTS \u2013 celebre per la serie TV Magnum P.I. \u2013 e un\u2019esposizione di modelli unici dedicati alla Formula 1.<\/p>\n","protected":false},"excerpt":{"rendered":"","protected":false},"author":11,"featured_media":3027,"comment_status":"open","ping_status":"closed","sticky":false,"template":"","format":"standard","meta":[],"categories":[34],"tags":[],"news-destination":[],"news-source":[],"is_homepage":[581],"ta_other":[],"_links":{"self":[{"href":"https:\/\/www.ilmercoledi.news\/ilmercoledi\/news\/wp-json\/wp\/v2\/posts\/80545"}],"collection":[{"href":"https:\/\/www.ilmercoledi.news\/ilmercoledi\/news\/wp-json\/wp\/v2\/posts"}],"about":[{"href":"https:\/\/www.ilmercoledi.news\/ilmercoledi\/news\/wp-json\/wp\/v2\/types\/post"}],"author":[{"embeddable":true,"href":"https:\/\/www.ilmercoledi.news\/ilmercoledi\/news\/wp-json\/wp\/v2\/users\/11"}],"replies":[{"embeddable":true,"href":"https:\/\/www.ilmercoledi.news\/ilmercoledi\/news\/wp-json\/wp\/v2\/comments?post=80545"}],"version-history":[{"count":0,"href":"https:\/\/www.ilmercoledi.news\/ilmercoledi\/news\/wp-json\/wp\/v2\/posts\/80545\/revisions"}],"wp:featuredmedia":[{"embeddable":true,"href":"https:\/\/www.ilmercoledi.news\/ilmercoledi\/news\/wp-json\/wp\/v2\/media\/3027"}],"wp:attachment":[{"href":"https:\/\/www.ilmercoledi.news\/ilmercoledi\/news\/wp-json\/wp\/v2\/media?parent=80545"}],"wp:term":[{"taxonomy":"category","embeddable":true,"href":"https:\/\/www.ilmercoledi.news\/ilmercoledi\/news\/wp-json\/wp\/v2\/categories?post=80545"},{"taxonomy":"post_tag","embeddable":true,"href":"https:\/\/www.ilmercoledi.news\/ilmercoledi\/news\/wp-json\/wp\/v2\/tags?post=80545"},{"taxonomy":"news-destination","embeddable":true,"href":"https:\/\/www.ilmercoledi.news\/ilmercoledi\/news\/wp-json\/wp\/v2\/news-destination?post=80545"},{"taxonomy":"news-source","embeddable":true,"href":"https:\/\/www.ilmercoledi.news\/ilmercoledi\/news\/wp-json\/wp\/v2\/news-source?post=80545"},{"taxonomy":"is_homepage","embeddable":true,"href":"https:\/\/www.ilmercoledi.news\/ilmercoledi\/news\/wp-json\/wp\/v2\/is_homepage?post=80545"},{"taxonomy":"ta_other","embeddable":true,"href":"https:\/\/www.ilmercoledi.news\/ilmercoledi\/news\/wp-json\/wp\/v2\/ta_other?post=80545"}],"curies":[{"name":"wp","href":"https:\/\/api.w.org\/{rel}","templated":true}]}}