{"id":80556,"date":"2026-04-27T14:05:13","date_gmt":"2026-04-27T12:05:13","guid":{"rendered":"https:\/\/euwps05.newsmemory.com\/ilmercoledi\/news\/2026\/04\/27\/regione-continua-la-sburocratizzazione-per-un-sistema-piu-semplice\/"},"modified":"2026-04-27T14:06:32","modified_gmt":"2026-04-27T12:06:32","slug":"regione-continua-la-sburocratizzazione-per-un-sistema-piu-semplice","status":"publish","type":"post","link":"https:\/\/www.ilmercoledi.news\/2026\/04\/27\/regione-continua-la-sburocratizzazione-per-un-sistema-piu-semplice\/","title":{"rendered":"REGIONE &#8211; Continua la sburocratizzazione per un sistema pi\u00f9 semplice"},"content":{"rendered":"<p>Meno norme inutili, meno sovrapposizioni e un sistema pi\u00f9 semplice da applicare\u00a0con la riforma della burocrazia regionale.<\/p>\n<p>Il Consiglio regionale\u00a0ha approvato\u00a0<strong>la legge di razionalizzazione dell\u2019ordinamento giuridico<\/strong>,\u00a0che\u00a0avvia un intervento concreto di riordino della legislazione\u00a0con\u00a0l\u2019<strong>abrogazione di 42 leggi\u00a0<\/strong>non pi\u00f9 attuali e la soppressione di 30 tra articoli e commi che nel tempo avevano generato duplicazioni, incoerenze e difficolt\u00e0 applicative. \u201cNon\u00a0si tratta di\u00a0un\u2019operazione formale &#8211;\u00a0evidenzia\u00a0l\u2019assessore alla Semplificazione\u00a0<strong>Gian Luca Vignale<\/strong>\u00a0&#8211; ma\u00a0di\u00a0un intervento che<strong>\u00a0incide sulla qualit\u00e0 delle regole<\/strong>. Un ordinamento pi\u00f9 chiaro significa meno incertezza per cittadini, enti locali e imprese e un\u2019amministrazione pi\u00f9 efficace\u201d.<\/p>\n<p>La semplificazione non \u00e8 per\u00f2 solo una questione normativa. In un contesto in cui cittadini e imprese avvertono sempre pi\u00f9 il peso della burocrazia, ridurre passaggi inutili e tempi amministrativi significa restituire tempo alle persone e rafforzare la fiducia nelle istituzioni. C\u2019\u00e8 anche un impatto economico diretto: una burocrazia eccessivamente complessa e frammentata genera costi, rallenta gli investimenti e incide sulla competitivit\u00e0 del territorio. Semplificare significa quindi ridurre questi costi e liberare risorse per lo sviluppo.<\/p>\n<p>Con l\u2019approvazione della legge di razionalizzazione, la Regione apre ora\u00a0<strong>una seconda fase della propria strategia<\/strong>, intervenendo non solo sulle norme, ma sul funzionamento concreto dell\u2019amministrazione con\u00a0<strong>\u201cSemplifica Piemonte\u201d<\/strong>, il disegno di legge che l\u2019assessore Vignale ha presentato alla Prima Commissione\u00a0del Consiglio regionale. Si tratta di un provvedimento di sistema che definisce in modo organico la cornice delle politiche regionali di semplificazione: non\u00a0si\u00a0interviene direttamente nel merito dei singoli procedimenti, ma\u00a0si\u00a0stabiliscono\u00a0principi e indirizzi vincolanti finalizzati a orientare la revisione dei processi amministrativi. L\u2019attenzione si concentra cos\u00ec sul \u201ccuore\u201d della burocrazia: procedimenti, prassi e modalit\u00e0 operative, dove spesso si annidano rallentamenti, duplicazioni e complicazioni che non dipendono dalle norme, ma dal modo in cui vengono applicate. In questo quadro vengono rafforzati: l\u2019unicit\u00e0 della presentazione dei dati, evitando richieste duplicative di documentazione; il divieto di aggravamento procedimentale; l\u2019utilizzo pieno del soccorso istruttorio; la riduzione dei tempi e la semplificazione dei processi amministrativi. \u201cNon introduciamo nuovi principi &#8211; sottolinea Vignale &#8211; ma li rendiamo finalmente esigibili. Sono regole gi\u00e0 esistenti che devono diventare standard operativi. La semplificazione diventa un impegno concreto e misurabile dell\u2019amministrazione verso cittadini, imprese ed enti locali\u201d.<\/p>\n<p>Entrambi i provvedimenti avevano ottenuto il via libera della Giunta regionale il 16 marzo scorso e presentati alla presenza dei ministri alla Semplificazione normativa Maria Elisabetta Alberti Casellati e alla Pubblica amministrazione Paolo Zangrillo dal presidente della Regione Alberto Cirio e dell\u2019assessore Vignale.<\/p>\n","protected":false},"excerpt":{"rendered":"","protected":false},"author":11,"featured_media":69606,"comment_status":"open","ping_status":"closed","sticky":false,"template":"","format":"standard","meta":[],"categories":[34],"tags":[],"news-destination":[],"news-source":[],"is_homepage":[581],"ta_other":[],"_links":{"self":[{"href":"https:\/\/www.ilmercoledi.news\/ilmercoledi\/news\/wp-json\/wp\/v2\/posts\/80556"}],"collection":[{"href":"https:\/\/www.ilmercoledi.news\/ilmercoledi\/news\/wp-json\/wp\/v2\/posts"}],"about":[{"href":"https:\/\/www.ilmercoledi.news\/ilmercoledi\/news\/wp-json\/wp\/v2\/types\/post"}],"author":[{"embeddable":true,"href":"https:\/\/www.ilmercoledi.news\/ilmercoledi\/news\/wp-json\/wp\/v2\/users\/11"}],"replies":[{"embeddable":true,"href":"https:\/\/www.ilmercoledi.news\/ilmercoledi\/news\/wp-json\/wp\/v2\/comments?post=80556"}],"version-history":[{"count":0,"href":"https:\/\/www.ilmercoledi.news\/ilmercoledi\/news\/wp-json\/wp\/v2\/posts\/80556\/revisions"}],"wp:featuredmedia":[{"embeddable":true,"href":"https:\/\/www.ilmercoledi.news\/ilmercoledi\/news\/wp-json\/wp\/v2\/media\/69606"}],"wp:attachment":[{"href":"https:\/\/www.ilmercoledi.news\/ilmercoledi\/news\/wp-json\/wp\/v2\/media?parent=80556"}],"wp:term":[{"taxonomy":"category","embeddable":true,"href":"https:\/\/www.ilmercoledi.news\/ilmercoledi\/news\/wp-json\/wp\/v2\/categories?post=80556"},{"taxonomy":"post_tag","embeddable":true,"href":"https:\/\/www.ilmercoledi.news\/ilmercoledi\/news\/wp-json\/wp\/v2\/tags?post=80556"},{"taxonomy":"news-destination","embeddable":true,"href":"https:\/\/www.ilmercoledi.news\/ilmercoledi\/news\/wp-json\/wp\/v2\/news-destination?post=80556"},{"taxonomy":"news-source","embeddable":true,"href":"https:\/\/www.ilmercoledi.news\/ilmercoledi\/news\/wp-json\/wp\/v2\/news-source?post=80556"},{"taxonomy":"is_homepage","embeddable":true,"href":"https:\/\/www.ilmercoledi.news\/ilmercoledi\/news\/wp-json\/wp\/v2\/is_homepage?post=80556"},{"taxonomy":"ta_other","embeddable":true,"href":"https:\/\/www.ilmercoledi.news\/ilmercoledi\/news\/wp-json\/wp\/v2\/ta_other?post=80556"}],"curies":[{"name":"wp","href":"https:\/\/api.w.org\/{rel}","templated":true}]}}