{"id":80606,"date":"2026-04-27T14:03:53","date_gmt":"2026-04-27T12:03:53","guid":{"rendered":"https:\/\/euwps06.newsmemory.com\/ilmercoledi\/news\/2026\/04\/27\/regione-risultati-del-click-day-vesta\/"},"modified":"2026-04-27T14:03:58","modified_gmt":"2025-07-01T14:03:58","slug":"regione-risultati-del-click-day-vesta","status":"publish","type":"post","link":"https:\/\/www.ilmercoledi.news\/2026\/04\/27\/regione-risultati-del-click-day-vesta\/","title":{"rendered":"REGIONE &#8211; I risultati del click day Vesta"},"content":{"rendered":"<p>Sono state\u00a0<strong>42.384<\/strong>\u00a0le domande pervenute durante il \u201cclick day\u201d del 21 aprile di\u00a0<strong>Vesta 2026<\/strong>, la misura della Regione Piemonte per il sostegno alle famiglie nelle spese di accesso ai servizi per l\u2019infanzia.<\/p>\n<p>Dopo i rallentamenti registrati ieri nella prima ora di apertura, la piattaforma ha garantito\u00a0<strong>un flusso regolare e continuo<\/strong>\u00a0per tutta la giornata: nel dettaglio, 6.348 domande sono pervenute tra le 12 e le 15, 862 dalle 15 alle 16, 9.866 dalle 16 alle 17, 13.357 dalle 17 alle 18, 8.594 tra le 18 e le 21, 3.190 tra le 21 e mezzanotte e 170 tra le 24 e l\u20191.<\/p>\n<p>Nel click day 2025 a fronte di circa 50mila richieste erano state finanziate 10mila famiglie, che in questa edizione non potevano per\u00f2 fare domanda; quest\u2019anno si arriver\u00e0 pertanto alla copertura di 30mila famiglie su un bacino di circa 50mila.<\/p>\n<p>Come ha dichiarato il vicepresidente della Regione e assessore alle Famiglie\u00a0<strong>Maurizio Marrone<\/strong>, \u201cdopo il grave disservizio della prima ora di apertura della piattaforma tutti i genitori collegati hanno potuto presentare domanda a Vesta, con\u00a0<strong>numeri che garantiranno di poter ottenere il contributo a met\u00e0 dei richiedenti<\/strong>, soprattutto a quei cittadini italiani appartenenti al ceto medio in difficolt\u00e0 esclusi dalla presa in carico dell&#8217;assistenza sociale e quindi ad ogni aiuto tradizionale di welfare. \u00c8 necessario riflettere seriamente sull&#8217;adeguatezza del fornitore informatico finora utilizzato, affinch\u00e9 non si ripetano pi\u00f9 blocchi e rallentamenti della piattaforma, ma\u00a0<strong>Vesta centra ancora una volta l&#8217;obiettivo<\/strong>: sostenere senza filtri e intermediari quelle famiglie che pi\u00f9 faticano sulla natalit\u00e0, premiando la libert\u00e0 di scelta dei servizi di cui necessitano e sostenendo i costi per accedervi\u201d.<\/p>\n<p>La distribuzione delle richieste\u00a0<strong>per fascia I<\/strong><strong>see<\/strong>\u00a0ha confermato la capacit\u00e0 di Vesta di intercettare i bisogni del ceto medio, troppo spesso ignorato dalle misure di welfare: il 62,6% delle domande proviene da famiglie con Isee tra 10mila e 30mila euro, il 23,4% dalla fascia sotto i 10mila euro e il 14% tra 30mila e 40mila euro. L\u201985,9% delle richieste \u00e8 stato presentato da cittadini italiani e dell\u2019Unione Europea, che rappresentano il 59,4% dei richiedenti nella fascia Isee sotto i 10mila euro ma il 93% nella fascia 10-30mila e il 98,6% in quella 30-40mila.<\/p>\n","protected":false},"excerpt":{"rendered":"","protected":false},"author":11,"featured_media":73752,"comment_status":"open","ping_status":"closed","sticky":false,"template":"","format":"standard","meta":[],"categories":[34],"tags":[],"news-destination":[],"news-source":[],"is_homepage":[581],"ta_other":[],"_links":{"self":[{"href":"https:\/\/www.ilmercoledi.news\/ilmercoledi\/news\/wp-json\/wp\/v2\/posts\/80606"}],"collection":[{"href":"https:\/\/www.ilmercoledi.news\/ilmercoledi\/news\/wp-json\/wp\/v2\/posts"}],"about":[{"href":"https:\/\/www.ilmercoledi.news\/ilmercoledi\/news\/wp-json\/wp\/v2\/types\/post"}],"author":[{"embeddable":true,"href":"https:\/\/www.ilmercoledi.news\/ilmercoledi\/news\/wp-json\/wp\/v2\/users\/11"}],"replies":[{"embeddable":true,"href":"https:\/\/www.ilmercoledi.news\/ilmercoledi\/news\/wp-json\/wp\/v2\/comments?post=80606"}],"version-history":[{"count":0,"href":"https:\/\/www.ilmercoledi.news\/ilmercoledi\/news\/wp-json\/wp\/v2\/posts\/80606\/revisions"}],"wp:featuredmedia":[{"embeddable":true,"href":"https:\/\/www.ilmercoledi.news\/ilmercoledi\/news\/wp-json\/wp\/v2\/media\/73752"}],"wp:attachment":[{"href":"https:\/\/www.ilmercoledi.news\/ilmercoledi\/news\/wp-json\/wp\/v2\/media?parent=80606"}],"wp:term":[{"taxonomy":"category","embeddable":true,"href":"https:\/\/www.ilmercoledi.news\/ilmercoledi\/news\/wp-json\/wp\/v2\/categories?post=80606"},{"taxonomy":"post_tag","embeddable":true,"href":"https:\/\/www.ilmercoledi.news\/ilmercoledi\/news\/wp-json\/wp\/v2\/tags?post=80606"},{"taxonomy":"news-destination","embeddable":true,"href":"https:\/\/www.ilmercoledi.news\/ilmercoledi\/news\/wp-json\/wp\/v2\/news-destination?post=80606"},{"taxonomy":"news-source","embeddable":true,"href":"https:\/\/www.ilmercoledi.news\/ilmercoledi\/news\/wp-json\/wp\/v2\/news-source?post=80606"},{"taxonomy":"is_homepage","embeddable":true,"href":"https:\/\/www.ilmercoledi.news\/ilmercoledi\/news\/wp-json\/wp\/v2\/is_homepage?post=80606"},{"taxonomy":"ta_other","embeddable":true,"href":"https:\/\/www.ilmercoledi.news\/ilmercoledi\/news\/wp-json\/wp\/v2\/ta_other?post=80606"}],"curies":[{"name":"wp","href":"https:\/\/api.w.org\/{rel}","templated":true}]}}