{"id":80608,"date":"2026-04-30T06:59:51","date_gmt":"2026-04-30T04:59:51","guid":{"rendered":"https:\/\/euwps05.newsmemory.com\/ilmercoledi\/news\/2026\/04\/30\/poirino-centri-estivi-accreditamenti-entro-il-6-maggio\/"},"modified":"2026-04-30T07:00:16","modified_gmt":"2026-04-30T05:00:16","slug":"poirino-centri-estivi-accreditamenti-entro-il-6-maggio","status":"publish","type":"post","link":"https:\/\/www.ilmercoledi.news\/2026\/04\/30\/poirino-centri-estivi-accreditamenti-entro-il-6-maggio\/","title":{"rendered":"POIRINO &#8211; Centri estivi, accreditamenti entro il 6 maggio"},"content":{"rendered":"<p>Si chiuderanno alle 12 di mercoled\u00ec 6 maggio le adesioni al bando del Comune per l\u2019accreditamento di soggetti no profit interessati all\u2019organizzazione e gestione di centri estivi rivolti a minori di et\u00e0 compresa tra i 3 ed i 14 anni residenti nel territorio comunale.<\/p>\n<p>&nbsp;<\/p>\n<p>Possono presentare la domanda gli enti del terzo settore e i soggetti no profit (associazioni, cooperative sociali, enti religiosi) con sede legale o operativa nel territorio del Distretto socioassistenziale di Poirino. I centri estivi dovranno essere organizzati nel periodo compreso tra giugno e settembre 2026, in corrispondenza della chiusura delle scuole.<\/p>\n<p>&nbsp;<\/p>\n<p>Il Comune, dar\u00e0 disponibilit\u00e0 di luoghi pubblici e del trasporto comunale per le uscite sul territorio, e fornir\u00e0 ai progetti approvati supporto nell\u2019assistenza socioeducativa con operatore qualificato per i bambini con disabilit\u00e0 certificata, in continuit\u00e0 assistenziale specialistica. Le domande vanno inviate con Pec a serviziallapopolazione@ pec.comune.poirino. to.it oppure consegnate direttamente all\u2019ufficio Servizi scolastici in via Cesare Rossi 5. Per chiarimenti ci si pu\u00f2 rivolgere ai servizi scolastici allo 011.9450114 interno 8 o all\u2019indirizzo email<\/p>\n<p>&nbsp;<\/p>\n<p>scanavino.carla@comune. poirino.to.it<\/p>\n","protected":false},"excerpt":{"rendered":"","protected":false},"author":11,"featured_media":73824,"comment_status":"open","ping_status":"closed","sticky":false,"template":"","format":"standard","meta":[],"categories":[34],"tags":[],"news-destination":[],"news-source":[],"is_homepage":[581],"ta_other":[],"_links":{"self":[{"href":"https:\/\/www.ilmercoledi.news\/ilmercoledi\/news\/wp-json\/wp\/v2\/posts\/80608"}],"collection":[{"href":"https:\/\/www.ilmercoledi.news\/ilmercoledi\/news\/wp-json\/wp\/v2\/posts"}],"about":[{"href":"https:\/\/www.ilmercoledi.news\/ilmercoledi\/news\/wp-json\/wp\/v2\/types\/post"}],"author":[{"embeddable":true,"href":"https:\/\/www.ilmercoledi.news\/ilmercoledi\/news\/wp-json\/wp\/v2\/users\/11"}],"replies":[{"embeddable":true,"href":"https:\/\/www.ilmercoledi.news\/ilmercoledi\/news\/wp-json\/wp\/v2\/comments?post=80608"}],"version-history":[{"count":0,"href":"https:\/\/www.ilmercoledi.news\/ilmercoledi\/news\/wp-json\/wp\/v2\/posts\/80608\/revisions"}],"wp:featuredmedia":[{"embeddable":true,"href":"https:\/\/www.ilmercoledi.news\/ilmercoledi\/news\/wp-json\/wp\/v2\/media\/73824"}],"wp:attachment":[{"href":"https:\/\/www.ilmercoledi.news\/ilmercoledi\/news\/wp-json\/wp\/v2\/media?parent=80608"}],"wp:term":[{"taxonomy":"category","embeddable":true,"href":"https:\/\/www.ilmercoledi.news\/ilmercoledi\/news\/wp-json\/wp\/v2\/categories?post=80608"},{"taxonomy":"post_tag","embeddable":true,"href":"https:\/\/www.ilmercoledi.news\/ilmercoledi\/news\/wp-json\/wp\/v2\/tags?post=80608"},{"taxonomy":"news-destination","embeddable":true,"href":"https:\/\/www.ilmercoledi.news\/ilmercoledi\/news\/wp-json\/wp\/v2\/news-destination?post=80608"},{"taxonomy":"news-source","embeddable":true,"href":"https:\/\/www.ilmercoledi.news\/ilmercoledi\/news\/wp-json\/wp\/v2\/news-source?post=80608"},{"taxonomy":"is_homepage","embeddable":true,"href":"https:\/\/www.ilmercoledi.news\/ilmercoledi\/news\/wp-json\/wp\/v2\/is_homepage?post=80608"},{"taxonomy":"ta_other","embeddable":true,"href":"https:\/\/www.ilmercoledi.news\/ilmercoledi\/news\/wp-json\/wp\/v2\/ta_other?post=80608"}],"curies":[{"name":"wp","href":"https:\/\/api.w.org\/{rel}","templated":true}]}}