{"id":80616,"date":"2026-04-30T07:09:28","date_gmt":"2026-04-30T05:09:28","guid":{"rendered":"https:\/\/euwps05.newsmemory.com\/ilmercoledi\/news\/2026\/04\/30\/villastellone-una-pedana-per-laccesso-chiesa\/"},"modified":"2026-04-30T07:09:51","modified_gmt":"2026-04-30T05:09:51","slug":"villastellone-una-pedana-per-laccesso-chiesa","status":"publish","type":"post","link":"https:\/\/www.ilmercoledi.news\/2026\/04\/30\/villastellone-una-pedana-per-laccesso-chiesa\/","title":{"rendered":"VILLASTELLONE &#8211; Una pedana per l&#8217;accesso in chiesa"},"content":{"rendered":"<p>La chiesa Beata Vergine dei Dolori di Borgo Cornalese non sar\u00e0 pi\u00f9 \u00abinaccessibile\u00bb a disabili o anziani con difficolt\u00e0 di deambulazione. Domenica 3 maggio, alle ore 10.30, sul sagrato della chiesa si terr\u00e0 la cerimonia di inaugurazione della pedana che consentir\u00e0 l\u2019ingresso in chiesa anche a fedeli e visitatori in carrozzina.<\/p>\n<p>&nbsp;<\/p>\n<p>\u201cLa struttura, fortemente voluta dalla nostra associazione, rappresenta un passo fondamentale per il superamento delle barriere architettoniche nel nostro territorio, restituendo a tutta la cittadinanza il pieno accesso ad un luogo di profondo valore storico, artistico e spirituale\u201d,<\/p>\n<p>&nbsp;<\/p>\n<p>spiega il presidente dell\u2019associazione Amici di Borgo Cornalese, Livio Curti.<\/p>\n<p>&nbsp;<\/p>\n<p>Al termine del momento istituzionale, seguir\u00e0 un rinfresco conviviale aperto alla comunit\u00e0. Un\u2019occasione per condividere i futuri progetti dell\u2019Associazione.<\/p>\n","protected":false},"excerpt":{"rendered":"","protected":false},"author":11,"featured_media":58906,"comment_status":"open","ping_status":"closed","sticky":false,"template":"","format":"standard","meta":[],"categories":[34],"tags":[],"news-destination":[],"news-source":[],"is_homepage":[581],"ta_other":[],"_links":{"self":[{"href":"https:\/\/www.ilmercoledi.news\/ilmercoledi\/news\/wp-json\/wp\/v2\/posts\/80616"}],"collection":[{"href":"https:\/\/www.ilmercoledi.news\/ilmercoledi\/news\/wp-json\/wp\/v2\/posts"}],"about":[{"href":"https:\/\/www.ilmercoledi.news\/ilmercoledi\/news\/wp-json\/wp\/v2\/types\/post"}],"author":[{"embeddable":true,"href":"https:\/\/www.ilmercoledi.news\/ilmercoledi\/news\/wp-json\/wp\/v2\/users\/11"}],"replies":[{"embeddable":true,"href":"https:\/\/www.ilmercoledi.news\/ilmercoledi\/news\/wp-json\/wp\/v2\/comments?post=80616"}],"version-history":[{"count":0,"href":"https:\/\/www.ilmercoledi.news\/ilmercoledi\/news\/wp-json\/wp\/v2\/posts\/80616\/revisions"}],"wp:featuredmedia":[{"embeddable":true,"href":"https:\/\/www.ilmercoledi.news\/ilmercoledi\/news\/wp-json\/wp\/v2\/media\/58906"}],"wp:attachment":[{"href":"https:\/\/www.ilmercoledi.news\/ilmercoledi\/news\/wp-json\/wp\/v2\/media?parent=80616"}],"wp:term":[{"taxonomy":"category","embeddable":true,"href":"https:\/\/www.ilmercoledi.news\/ilmercoledi\/news\/wp-json\/wp\/v2\/categories?post=80616"},{"taxonomy":"post_tag","embeddable":true,"href":"https:\/\/www.ilmercoledi.news\/ilmercoledi\/news\/wp-json\/wp\/v2\/tags?post=80616"},{"taxonomy":"news-destination","embeddable":true,"href":"https:\/\/www.ilmercoledi.news\/ilmercoledi\/news\/wp-json\/wp\/v2\/news-destination?post=80616"},{"taxonomy":"news-source","embeddable":true,"href":"https:\/\/www.ilmercoledi.news\/ilmercoledi\/news\/wp-json\/wp\/v2\/news-source?post=80616"},{"taxonomy":"is_homepage","embeddable":true,"href":"https:\/\/www.ilmercoledi.news\/ilmercoledi\/news\/wp-json\/wp\/v2\/is_homepage?post=80616"},{"taxonomy":"ta_other","embeddable":true,"href":"https:\/\/www.ilmercoledi.news\/ilmercoledi\/news\/wp-json\/wp\/v2\/ta_other?post=80616"}],"curies":[{"name":"wp","href":"https:\/\/api.w.org\/{rel}","templated":true}]}}