{"id":80622,"date":"2026-04-28T15:40:47","date_gmt":"2026-04-28T13:40:47","guid":{"rendered":"https:\/\/euwps06.newsmemory.com\/ilmercoledi\/news\/2026\/04\/28\/carmagnola-oggi-riparte-il-servizio-di-prestito-alla-biblioteca\/"},"modified":"2026-04-28T15:40:53","modified_gmt":"2025-07-02T15:40:53","slug":"carmagnola-oggi-riparte-il-servizio-di-prestito-alla-biblioteca","status":"publish","type":"post","link":"https:\/\/www.ilmercoledi.news\/2026\/04\/28\/carmagnola-oggi-riparte-il-servizio-di-prestito-alla-biblioteca\/","title":{"rendered":"CARMAGNOLA &#8211; Oggi riparte il servizio di prestito alla biblioteca"},"content":{"rendered":"<p>&nbsp;<\/p>\n<p>A partire da oggi, marted\u00ec 28 aprile viene riattivato il servizio di prestito locale presso la Biblioteca Civica di Carmagnola. Gli utenti potranno nuovamente scegliere i libri da prendere in prestito tra i volumi attualmente disponibili nelle diverse sale, mentre nelle prossime settimane il patrimonio accessibile sar\u00e0 progressivamente ampliato, fino al completamento del ricollocamento sugli scaffali.<\/p>\n<p>&nbsp;<\/p>\n<p>&nbsp;<\/p>\n<p>La durata del prestito resta fissata in 30 giorni, come previsto dal regolamento.<\/p>\n<p>Resta comunque attivo anche il servizio di prestito con le altre biblioteche del sistema BI.TO.<\/p>\n<p>&nbsp;<\/p>\n<p>Si ricordano gli orari di apertura della Biblioteca Civica: da marted\u00ec a venerd\u00ec dalle ore 9.00 alle 12.30 e dalle 14.30 alle 18.30, sabato dalle ore 9.00 alle 12.30, luned\u00ec chiuso.<\/p>\n<p>&nbsp;<\/p>\n<p>Si informa infine che sabato 2 maggio la biblioteca rester\u00e0 chiusa al pubblico.<\/p>\n","protected":false},"excerpt":{"rendered":"","protected":false},"author":11,"featured_media":79899,"comment_status":"open","ping_status":"closed","sticky":false,"template":"","format":"standard","meta":[],"categories":[34],"tags":[],"news-destination":[],"news-source":[],"is_homepage":[581],"ta_other":[],"_links":{"self":[{"href":"https:\/\/www.ilmercoledi.news\/ilmercoledi\/news\/wp-json\/wp\/v2\/posts\/80622"}],"collection":[{"href":"https:\/\/www.ilmercoledi.news\/ilmercoledi\/news\/wp-json\/wp\/v2\/posts"}],"about":[{"href":"https:\/\/www.ilmercoledi.news\/ilmercoledi\/news\/wp-json\/wp\/v2\/types\/post"}],"author":[{"embeddable":true,"href":"https:\/\/www.ilmercoledi.news\/ilmercoledi\/news\/wp-json\/wp\/v2\/users\/11"}],"replies":[{"embeddable":true,"href":"https:\/\/www.ilmercoledi.news\/ilmercoledi\/news\/wp-json\/wp\/v2\/comments?post=80622"}],"version-history":[{"count":0,"href":"https:\/\/www.ilmercoledi.news\/ilmercoledi\/news\/wp-json\/wp\/v2\/posts\/80622\/revisions"}],"wp:featuredmedia":[{"embeddable":true,"href":"https:\/\/www.ilmercoledi.news\/ilmercoledi\/news\/wp-json\/wp\/v2\/media\/79899"}],"wp:attachment":[{"href":"https:\/\/www.ilmercoledi.news\/ilmercoledi\/news\/wp-json\/wp\/v2\/media?parent=80622"}],"wp:term":[{"taxonomy":"category","embeddable":true,"href":"https:\/\/www.ilmercoledi.news\/ilmercoledi\/news\/wp-json\/wp\/v2\/categories?post=80622"},{"taxonomy":"post_tag","embeddable":true,"href":"https:\/\/www.ilmercoledi.news\/ilmercoledi\/news\/wp-json\/wp\/v2\/tags?post=80622"},{"taxonomy":"news-destination","embeddable":true,"href":"https:\/\/www.ilmercoledi.news\/ilmercoledi\/news\/wp-json\/wp\/v2\/news-destination?post=80622"},{"taxonomy":"news-source","embeddable":true,"href":"https:\/\/www.ilmercoledi.news\/ilmercoledi\/news\/wp-json\/wp\/v2\/news-source?post=80622"},{"taxonomy":"is_homepage","embeddable":true,"href":"https:\/\/www.ilmercoledi.news\/ilmercoledi\/news\/wp-json\/wp\/v2\/is_homepage?post=80622"},{"taxonomy":"ta_other","embeddable":true,"href":"https:\/\/www.ilmercoledi.news\/ilmercoledi\/news\/wp-json\/wp\/v2\/ta_other?post=80622"}],"curies":[{"name":"wp","href":"https:\/\/api.w.org\/{rel}","templated":true}]}}