{"id":80773,"date":"2026-05-11T15:07:51","date_gmt":"2026-05-11T13:07:51","guid":{"rendered":"https:\/\/euwps05.newsmemory.com\/ilmercoledi\/news\/2026\/05\/11\/la-loggia-walk-doc-piazza-cavour\/"},"modified":"2026-05-11T15:08:16","modified_gmt":"2026-05-11T13:08:16","slug":"la-loggia-walk-doc-piazza-cavour","status":"publish","type":"post","link":"https:\/\/www.ilmercoledi.news\/2026\/05\/11\/la-loggia-walk-doc-piazza-cavour\/","title":{"rendered":"LA LOGGIA &#8211; Walk with a Doc in piazza Cavour"},"content":{"rendered":"<p>Domenica17 maggio 2026 ore 10:00 Gruppo di cammino Walk with a Doc &#8211; presso P.zza Cavour La Loggia.<\/p>\n<p>Il gruppo sar\u00e0 guidato da un medico e da un tecnico sportivo che lungo le strade del Comune in maniera divertente e sicura vi porter\u00e0 non solo a fare una camminata, ma durante l&#8217;attivit\u00e0 illustrer\u00e0 tematiche sulla salute, una occasione per confrontarsi e fare nuove amicizie.<\/p>\n<p>Con il patrocinio del Comune di La Loggia e della A.S.L. TO5.<\/p>\n","protected":false},"excerpt":{"rendered":"","protected":false},"author":11,"featured_media":54431,"comment_status":"open","ping_status":"closed","sticky":false,"template":"","format":"standard","meta":[],"categories":[34],"tags":[],"news-destination":[],"news-source":[],"is_homepage":[581],"ta_other":[],"_links":{"self":[{"href":"https:\/\/www.ilmercoledi.news\/ilmercoledi\/news\/wp-json\/wp\/v2\/posts\/80773"}],"collection":[{"href":"https:\/\/www.ilmercoledi.news\/ilmercoledi\/news\/wp-json\/wp\/v2\/posts"}],"about":[{"href":"https:\/\/www.ilmercoledi.news\/ilmercoledi\/news\/wp-json\/wp\/v2\/types\/post"}],"author":[{"embeddable":true,"href":"https:\/\/www.ilmercoledi.news\/ilmercoledi\/news\/wp-json\/wp\/v2\/users\/11"}],"replies":[{"embeddable":true,"href":"https:\/\/www.ilmercoledi.news\/ilmercoledi\/news\/wp-json\/wp\/v2\/comments?post=80773"}],"version-history":[{"count":0,"href":"https:\/\/www.ilmercoledi.news\/ilmercoledi\/news\/wp-json\/wp\/v2\/posts\/80773\/revisions"}],"wp:featuredmedia":[{"embeddable":true,"href":"https:\/\/www.ilmercoledi.news\/ilmercoledi\/news\/wp-json\/wp\/v2\/media\/54431"}],"wp:attachment":[{"href":"https:\/\/www.ilmercoledi.news\/ilmercoledi\/news\/wp-json\/wp\/v2\/media?parent=80773"}],"wp:term":[{"taxonomy":"category","embeddable":true,"href":"https:\/\/www.ilmercoledi.news\/ilmercoledi\/news\/wp-json\/wp\/v2\/categories?post=80773"},{"taxonomy":"post_tag","embeddable":true,"href":"https:\/\/www.ilmercoledi.news\/ilmercoledi\/news\/wp-json\/wp\/v2\/tags?post=80773"},{"taxonomy":"news-destination","embeddable":true,"href":"https:\/\/www.ilmercoledi.news\/ilmercoledi\/news\/wp-json\/wp\/v2\/news-destination?post=80773"},{"taxonomy":"news-source","embeddable":true,"href":"https:\/\/www.ilmercoledi.news\/ilmercoledi\/news\/wp-json\/wp\/v2\/news-source?post=80773"},{"taxonomy":"is_homepage","embeddable":true,"href":"https:\/\/www.ilmercoledi.news\/ilmercoledi\/news\/wp-json\/wp\/v2\/is_homepage?post=80773"},{"taxonomy":"ta_other","embeddable":true,"href":"https:\/\/www.ilmercoledi.news\/ilmercoledi\/news\/wp-json\/wp\/v2\/ta_other?post=80773"}],"curies":[{"name":"wp","href":"https:\/\/api.w.org\/{rel}","templated":true}]}}