{"id":81393,"date":"2026-06-11T08:20:11","date_gmt":"2026-06-11T06:20:11","guid":{"rendered":"https:\/\/euwps06.newsmemory.com\/ilmercoledi\/news\/2026\/06\/11\/nichelino-torna-la-festa-di-quartiere-al-boschetto\/"},"modified":"2026-06-11T08:20:15","modified_gmt":"2025-08-15T08:20:15","slug":"nichelino-torna-la-festa-di-quartiere-al-boschetto","status":"publish","type":"post","link":"https:\/\/www.ilmercoledi.news\/2026\/06\/11\/nichelino-torna-la-festa-di-quartiere-al-boschetto\/","title":{"rendered":"NICHELINO &#8211; Torna la festa di quartiere al Boschetto"},"content":{"rendered":"<p>Buon cibo, balli, esibizioni, musica e tanto divertimento. Calato il sipario sul saggio di fine anno dei corsi di ballo ma soprattutto dopo tre anni di attesa causa lavori, il comitato del quartiere Boschetto torna a fare festa.<\/p>\n<p>&nbsp;<\/p>\n<p>Venerd\u00ec 12 e sabato 13 giugno la sede di piazza Pertini riaprir\u00e0 le porte per due serate che si annunciano scoppiettanti, a partire dal men\u00f9: grigliata e frittura di pesce. Per chi preferisce la pasta, spaghetti al rag\u00f9 o allo scoglio. Non mancheranno le esibizioni dei corsi dei maestri Brayan, Cristina e Osvaldo e la musica del Dj Carlone.<\/p>\n<p>&nbsp;<\/p>\n<p>Gradita la prenotazione: Laura, tel. 3478726983.<\/p>\n","protected":false},"excerpt":{"rendered":"","protected":false},"author":11,"featured_media":19479,"comment_status":"open","ping_status":"closed","sticky":false,"template":"","format":"standard","meta":[],"categories":[34],"tags":[],"news-destination":[],"news-source":[],"is_homepage":[581],"ta_other":[],"_links":{"self":[{"href":"https:\/\/www.ilmercoledi.news\/ilmercoledi\/news\/wp-json\/wp\/v2\/posts\/81393"}],"collection":[{"href":"https:\/\/www.ilmercoledi.news\/ilmercoledi\/news\/wp-json\/wp\/v2\/posts"}],"about":[{"href":"https:\/\/www.ilmercoledi.news\/ilmercoledi\/news\/wp-json\/wp\/v2\/types\/post"}],"author":[{"embeddable":true,"href":"https:\/\/www.ilmercoledi.news\/ilmercoledi\/news\/wp-json\/wp\/v2\/users\/11"}],"replies":[{"embeddable":true,"href":"https:\/\/www.ilmercoledi.news\/ilmercoledi\/news\/wp-json\/wp\/v2\/comments?post=81393"}],"version-history":[{"count":0,"href":"https:\/\/www.ilmercoledi.news\/ilmercoledi\/news\/wp-json\/wp\/v2\/posts\/81393\/revisions"}],"wp:featuredmedia":[{"embeddable":true,"href":"https:\/\/www.ilmercoledi.news\/ilmercoledi\/news\/wp-json\/wp\/v2\/media\/19479"}],"wp:attachment":[{"href":"https:\/\/www.ilmercoledi.news\/ilmercoledi\/news\/wp-json\/wp\/v2\/media?parent=81393"}],"wp:term":[{"taxonomy":"category","embeddable":true,"href":"https:\/\/www.ilmercoledi.news\/ilmercoledi\/news\/wp-json\/wp\/v2\/categories?post=81393"},{"taxonomy":"post_tag","embeddable":true,"href":"https:\/\/www.ilmercoledi.news\/ilmercoledi\/news\/wp-json\/wp\/v2\/tags?post=81393"},{"taxonomy":"news-destination","embeddable":true,"href":"https:\/\/www.ilmercoledi.news\/ilmercoledi\/news\/wp-json\/wp\/v2\/news-destination?post=81393"},{"taxonomy":"news-source","embeddable":true,"href":"https:\/\/www.ilmercoledi.news\/ilmercoledi\/news\/wp-json\/wp\/v2\/news-source?post=81393"},{"taxonomy":"is_homepage","embeddable":true,"href":"https:\/\/www.ilmercoledi.news\/ilmercoledi\/news\/wp-json\/wp\/v2\/is_homepage?post=81393"},{"taxonomy":"ta_other","embeddable":true,"href":"https:\/\/www.ilmercoledi.news\/ilmercoledi\/news\/wp-json\/wp\/v2\/ta_other?post=81393"}],"curies":[{"name":"wp","href":"https:\/\/api.w.org\/{rel}","templated":true}]}}