{"id":81443,"date":"2026-06-17T04:00:34","date_gmt":"2026-06-17T02:00:34","guid":{"rendered":"https:\/\/euwps05.newsmemory.com\/ilmercoledi\/news\/2026\/06\/17\/scienziato-pecettese-scopre-le-abilita-umane-dei-pinguini\/"},"modified":"2026-06-17T04:04:27","modified_gmt":"2026-06-17T02:04:27","slug":"scienziato-pecettese-scopre-le-abilita-umane-dei-pinguini","status":"publish","type":"post","link":"https:\/\/www.ilmercoledi.news\/2026\/06\/17\/scienziato-pecettese-scopre-le-abilita-umane-dei-pinguini\/","title":{"rendered":"Scienziato pecettese scopre le \u00ababilit\u00e0 umane\u00bb dei pinguini"},"content":{"rendered":"<p>Recentemente un team di ricercatori di cui fa parte anche il pecettese Livio Favaro ha scoperto che pinguini che vivono all\u2019estremo lembo meridionale dell\u2019Africa associano il tono di un suono alla dimensione di un oggetto, in pratica abbinano i rumori pi\u00f9 gravi agli oggetti pi\u00f9 grandi e quelli pi\u00f9 acuti ai pi\u00f9 piccoli. Gli scienziati che hanno fatto la scoperta, tutti dell\u2019universit\u00e0 di Torino, hanno descritto tutto in un articolo-ricerca pubblicato sulla prestigiosa rivista scientifica Annals of the New York Academy of Sciences. Tutto il loro ampio studio \u00e8 stato realizzato in collaborazione con un\u2019universit\u00e0 francese e un parco zoologico di Roma.<\/p>\n<p><strong>Servizio completo sul numero in edicola da oggi, 17 giugno<\/strong><\/p>\n","protected":false},"excerpt":{"rendered":"","protected":false},"author":10,"featured_media":81442,"comment_status":"open","ping_status":"closed","sticky":false,"template":"","format":"standard","meta":[],"categories":[288,34],"tags":[],"news-destination":[],"news-source":[],"is_homepage":[581],"ta_other":[],"_links":{"self":[{"href":"https:\/\/www.ilmercoledi.news\/ilmercoledi\/news\/wp-json\/wp\/v2\/posts\/81443"}],"collection":[{"href":"https:\/\/www.ilmercoledi.news\/ilmercoledi\/news\/wp-json\/wp\/v2\/posts"}],"about":[{"href":"https:\/\/www.ilmercoledi.news\/ilmercoledi\/news\/wp-json\/wp\/v2\/types\/post"}],"author":[{"embeddable":true,"href":"https:\/\/www.ilmercoledi.news\/ilmercoledi\/news\/wp-json\/wp\/v2\/users\/10"}],"replies":[{"embeddable":true,"href":"https:\/\/www.ilmercoledi.news\/ilmercoledi\/news\/wp-json\/wp\/v2\/comments?post=81443"}],"version-history":[{"count":1,"href":"https:\/\/www.ilmercoledi.news\/ilmercoledi\/news\/wp-json\/wp\/v2\/posts\/81443\/revisions"}],"predecessor-version":[{"id":81454,"href":"https:\/\/www.ilmercoledi.news\/ilmercoledi\/news\/wp-json\/wp\/v2\/posts\/81443\/revisions\/81454"}],"wp:featuredmedia":[{"embeddable":true,"href":"https:\/\/www.ilmercoledi.news\/ilmercoledi\/news\/wp-json\/wp\/v2\/media\/81442"}],"wp:attachment":[{"href":"https:\/\/www.ilmercoledi.news\/ilmercoledi\/news\/wp-json\/wp\/v2\/media?parent=81443"}],"wp:term":[{"taxonomy":"category","embeddable":true,"href":"https:\/\/www.ilmercoledi.news\/ilmercoledi\/news\/wp-json\/wp\/v2\/categories?post=81443"},{"taxonomy":"post_tag","embeddable":true,"href":"https:\/\/www.ilmercoledi.news\/ilmercoledi\/news\/wp-json\/wp\/v2\/tags?post=81443"},{"taxonomy":"news-destination","embeddable":true,"href":"https:\/\/www.ilmercoledi.news\/ilmercoledi\/news\/wp-json\/wp\/v2\/news-destination?post=81443"},{"taxonomy":"news-source","embeddable":true,"href":"https:\/\/www.ilmercoledi.news\/ilmercoledi\/news\/wp-json\/wp\/v2\/news-source?post=81443"},{"taxonomy":"is_homepage","embeddable":true,"href":"https:\/\/www.ilmercoledi.news\/ilmercoledi\/news\/wp-json\/wp\/v2\/is_homepage?post=81443"},{"taxonomy":"ta_other","embeddable":true,"href":"https:\/\/www.ilmercoledi.news\/ilmercoledi\/news\/wp-json\/wp\/v2\/ta_other?post=81443"}],"curies":[{"name":"wp","href":"https:\/\/api.w.org\/{rel}","templated":true}]}}