{"id":81566,"date":"2026-06-22T05:54:07","date_gmt":"2026-06-22T03:54:07","guid":{"rendered":"https:\/\/euwps05.newsmemory.com\/ilmercoledi\/news\/2026\/06\/22\/vinovo-la-polizia-locale-torna-municipio\/"},"modified":"2026-06-22T05:54:30","modified_gmt":"2026-06-22T03:54:30","slug":"vinovo-la-polizia-locale-torna-municipio","status":"publish","type":"post","link":"https:\/\/www.ilmercoledi.news\/2026\/06\/22\/vinovo-la-polizia-locale-torna-municipio\/","title":{"rendered":"VINOVO &#8211; La polizia locale torna in municipio"},"content":{"rendered":"<p>Dopo essere stati per circa vent\u2019anni in piazza 2 Giugno, i vigili tornano nella loro sede originaria, in Municipio. Finiti i lavori di ristrutturazione del Palazzo Municipale, riorganizzata la dislocazione interna degli uffici, la scorsa settimana la Polizia Municipale guidata dal comandante Andrea Leto ha iniziato il trasloco che si concluder\u00e0 in questi giorni. Lo spostamento comporta una ridotta capacit\u00e0 organizzativa del servizio, ma da venerd\u00ec 19 giugno gli sportelli del Comando saranno pienamente operativi al piano terra del Comune dalle ore 10 alle ore 12. Nei giorni di chiusura, il servizio sar\u00e0 raggiungibile telefonicamente (tel. 011.9931283) solo per interventi urgenti\/non differibili.<\/p>\n<p>&nbsp;<\/p>\n<p>Con l\u2019arrivo degli agenti della polizia locale, l\u2019ufficio tecnico \u00e8 stato spostato al secondo piano del Municipio<\/p>\n","protected":false},"excerpt":{"rendered":"","protected":false},"author":11,"featured_media":4878,"comment_status":"open","ping_status":"closed","sticky":false,"template":"","format":"standard","meta":[],"categories":[34],"tags":[],"news-destination":[],"news-source":[],"is_homepage":[581],"ta_other":[],"_links":{"self":[{"href":"https:\/\/www.ilmercoledi.news\/ilmercoledi\/news\/wp-json\/wp\/v2\/posts\/81566"}],"collection":[{"href":"https:\/\/www.ilmercoledi.news\/ilmercoledi\/news\/wp-json\/wp\/v2\/posts"}],"about":[{"href":"https:\/\/www.ilmercoledi.news\/ilmercoledi\/news\/wp-json\/wp\/v2\/types\/post"}],"author":[{"embeddable":true,"href":"https:\/\/www.ilmercoledi.news\/ilmercoledi\/news\/wp-json\/wp\/v2\/users\/11"}],"replies":[{"embeddable":true,"href":"https:\/\/www.ilmercoledi.news\/ilmercoledi\/news\/wp-json\/wp\/v2\/comments?post=81566"}],"version-history":[{"count":0,"href":"https:\/\/www.ilmercoledi.news\/ilmercoledi\/news\/wp-json\/wp\/v2\/posts\/81566\/revisions"}],"wp:featuredmedia":[{"embeddable":true,"href":"https:\/\/www.ilmercoledi.news\/ilmercoledi\/news\/wp-json\/wp\/v2\/media\/4878"}],"wp:attachment":[{"href":"https:\/\/www.ilmercoledi.news\/ilmercoledi\/news\/wp-json\/wp\/v2\/media?parent=81566"}],"wp:term":[{"taxonomy":"category","embeddable":true,"href":"https:\/\/www.ilmercoledi.news\/ilmercoledi\/news\/wp-json\/wp\/v2\/categories?post=81566"},{"taxonomy":"post_tag","embeddable":true,"href":"https:\/\/www.ilmercoledi.news\/ilmercoledi\/news\/wp-json\/wp\/v2\/tags?post=81566"},{"taxonomy":"news-destination","embeddable":true,"href":"https:\/\/www.ilmercoledi.news\/ilmercoledi\/news\/wp-json\/wp\/v2\/news-destination?post=81566"},{"taxonomy":"news-source","embeddable":true,"href":"https:\/\/www.ilmercoledi.news\/ilmercoledi\/news\/wp-json\/wp\/v2\/news-source?post=81566"},{"taxonomy":"is_homepage","embeddable":true,"href":"https:\/\/www.ilmercoledi.news\/ilmercoledi\/news\/wp-json\/wp\/v2\/is_homepage?post=81566"},{"taxonomy":"ta_other","embeddable":true,"href":"https:\/\/www.ilmercoledi.news\/ilmercoledi\/news\/wp-json\/wp\/v2\/ta_other?post=81566"}],"curies":[{"name":"wp","href":"https:\/\/api.w.org\/{rel}","templated":true}]}}