{"id":81618,"date":"2026-06-24T10:05:33","date_gmt":"2026-06-24T08:05:33","guid":{"rendered":"https:\/\/euwps05.newsmemory.com\/ilmercoledi\/news\/2026\/06\/24\/asl-nuove-nomine-e-cantieri\/"},"modified":"2026-06-24T10:07:17","modified_gmt":"2026-06-24T08:07:17","slug":"asl-nuove-nomine-e-cantieri","status":"publish","type":"post","link":"https:\/\/www.ilmercoledi.news\/2026\/06\/24\/asl-nuove-nomine-e-cantieri\/","title":{"rendered":"ASL &#8211; Nuove nomine e cantieri"},"content":{"rendered":"<p>Assemblea dei sindaci dell\u2019Asl To5 nel segno della continuit\u00e0. Venerd\u00ec i 39 primi cittadini del territorio hanno eletto il sostituto di Paolo Montagna nella rappresentanza, organo ristretto composto da 5 sindaci con funzioni di programmazione, indirizzo e controllo sulle politiche sociosanitarie. Ed all\u2019unanimit\u00e0 \u00e8 passato il nuovo sindaco di Moncalieri, Lorenzo Mauro. \u201cUna continuit\u00e0 positiva &#8211; commenta Mauro &#8211; l\u2019incontro \u00e8 stata l\u2019occasione per il direttore generale Osella di aggiornarci sullo stato dell\u2019arte dell\u2019ospedale unico: entro il 30 giugno ci dovrebbero essere novit\u00e0 sul finanziamento Inail mentre a breve ci saranno le prime inaugurazioni delle case di comunit\u00e0. Infine abbiamo messo in agenda con il direttore una visita al Santa Croce per fare il punto su necessit\u00e0 e lavori\u201d.<\/p>\n","protected":false},"excerpt":{"rendered":"","protected":false},"author":11,"featured_media":20850,"comment_status":"open","ping_status":"closed","sticky":false,"template":"","format":"standard","meta":[],"categories":[34],"tags":[],"news-destination":[],"news-source":[],"is_homepage":[581],"ta_other":[],"_links":{"self":[{"href":"https:\/\/www.ilmercoledi.news\/ilmercoledi\/news\/wp-json\/wp\/v2\/posts\/81618"}],"collection":[{"href":"https:\/\/www.ilmercoledi.news\/ilmercoledi\/news\/wp-json\/wp\/v2\/posts"}],"about":[{"href":"https:\/\/www.ilmercoledi.news\/ilmercoledi\/news\/wp-json\/wp\/v2\/types\/post"}],"author":[{"embeddable":true,"href":"https:\/\/www.ilmercoledi.news\/ilmercoledi\/news\/wp-json\/wp\/v2\/users\/11"}],"replies":[{"embeddable":true,"href":"https:\/\/www.ilmercoledi.news\/ilmercoledi\/news\/wp-json\/wp\/v2\/comments?post=81618"}],"version-history":[{"count":0,"href":"https:\/\/www.ilmercoledi.news\/ilmercoledi\/news\/wp-json\/wp\/v2\/posts\/81618\/revisions"}],"wp:featuredmedia":[{"embeddable":true,"href":"https:\/\/www.ilmercoledi.news\/ilmercoledi\/news\/wp-json\/wp\/v2\/media\/20850"}],"wp:attachment":[{"href":"https:\/\/www.ilmercoledi.news\/ilmercoledi\/news\/wp-json\/wp\/v2\/media?parent=81618"}],"wp:term":[{"taxonomy":"category","embeddable":true,"href":"https:\/\/www.ilmercoledi.news\/ilmercoledi\/news\/wp-json\/wp\/v2\/categories?post=81618"},{"taxonomy":"post_tag","embeddable":true,"href":"https:\/\/www.ilmercoledi.news\/ilmercoledi\/news\/wp-json\/wp\/v2\/tags?post=81618"},{"taxonomy":"news-destination","embeddable":true,"href":"https:\/\/www.ilmercoledi.news\/ilmercoledi\/news\/wp-json\/wp\/v2\/news-destination?post=81618"},{"taxonomy":"news-source","embeddable":true,"href":"https:\/\/www.ilmercoledi.news\/ilmercoledi\/news\/wp-json\/wp\/v2\/news-source?post=81618"},{"taxonomy":"is_homepage","embeddable":true,"href":"https:\/\/www.ilmercoledi.news\/ilmercoledi\/news\/wp-json\/wp\/v2\/is_homepage?post=81618"},{"taxonomy":"ta_other","embeddable":true,"href":"https:\/\/www.ilmercoledi.news\/ilmercoledi\/news\/wp-json\/wp\/v2\/ta_other?post=81618"}],"curies":[{"name":"wp","href":"https:\/\/api.w.org\/{rel}","templated":true}]}}