{"id":81978,"date":"2026-07-14T14:55:11","date_gmt":"2026-07-14T12:55:11","guid":{"rendered":"https:\/\/euwps05.newsmemory.com\/ilmercoledi\/news\/2026\/07\/14\/citta-metropolitana-piano-per-leconomia-sociale-confronto-con-le-zone-omogenee\/"},"modified":"2026-07-14T14:55:45","modified_gmt":"2026-07-14T12:55:45","slug":"citta-metropolitana-piano-per-leconomia-sociale-confronto-con-le-zone-omogenee","status":"publish","type":"post","link":"https:\/\/www.ilmercoledi.news\/2026\/07\/14\/citta-metropolitana-piano-per-leconomia-sociale-confronto-con-le-zone-omogenee\/","title":{"rendered":"CITTA&#8217; METROPOLITANA &#8211; Piano per l&#8217;economia sociale, confronto con le Zone omogenee"},"content":{"rendered":"<p>La Citt\u00e0 metropolitana di Torino porta il Piano metropolitano per l&#8217;economia sociale 2030 nella sua fase operativa e chiama i territori a diventarne protagonisti. Dopo aver avviato il coordinamento interno all&#8217;Ente, il percorso prosegue con il primo incontro dedicato alle Zone omogenee, chiamate a contribuire alla realizzazione delle strategie e a costruire una rete stabile di collaborazione.<\/p>\n<p>L&#8217;iniziativa, in programma gioved\u00ec 16 luglio, si propone di condividere le attivit\u00e0 gi\u00e0 avviate dalla Citt\u00e0 metropolitana di Torino e da Torino Social Impact, raccogliere contributi dai diversi ambiti territoriali e definire modalit\u00e0 di lavoro comuni per valorizzare le esperienze gi\u00e0 presenti e svilupparne di nuove.<\/p>\n<p>Il Piano \u00e8 nato dalla collaborazione tra la Citt\u00e0 metropolitana di Torino e la Camera di commercio di Torino, avviata nel luglio 2024 nell&#8217;ambito di Torino Social Impact, la piattaforma che riunisce oltre 400 soggetti tra istituzioni, imprese e Terzo settore impegnati nella promozione dell&#8217;economia sociale, per individuare una strategia condivisa tesa a coniugare competitivit\u00e0 economica, innovazione e coesione sociale.<\/p>\n<p>Il Piano \u00e8 costruito attorno a sei ambiti di intervento \u2013 governance e partnership, social procurement, finanza a impatto sociale, formazione e sviluppo delle competenze, innovazione e connessioni fisiche e digitali, inclusione sociale e lavorativa \u2013 articolati in 16 obiettivi, 36 strategie e 112 azioni, con particolare attenzione alle persone e ai territori marginalizzati.<\/p>\n","protected":false},"excerpt":{"rendered":"","protected":false},"author":11,"featured_media":10400,"comment_status":"open","ping_status":"closed","sticky":false,"template":"","format":"standard","meta":[],"categories":[34],"tags":[],"news-destination":[],"news-source":[],"is_homepage":[581],"ta_other":[],"_links":{"self":[{"href":"https:\/\/www.ilmercoledi.news\/ilmercoledi\/news\/wp-json\/wp\/v2\/posts\/81978"}],"collection":[{"href":"https:\/\/www.ilmercoledi.news\/ilmercoledi\/news\/wp-json\/wp\/v2\/posts"}],"about":[{"href":"https:\/\/www.ilmercoledi.news\/ilmercoledi\/news\/wp-json\/wp\/v2\/types\/post"}],"author":[{"embeddable":true,"href":"https:\/\/www.ilmercoledi.news\/ilmercoledi\/news\/wp-json\/wp\/v2\/users\/11"}],"replies":[{"embeddable":true,"href":"https:\/\/www.ilmercoledi.news\/ilmercoledi\/news\/wp-json\/wp\/v2\/comments?post=81978"}],"version-history":[{"count":0,"href":"https:\/\/www.ilmercoledi.news\/ilmercoledi\/news\/wp-json\/wp\/v2\/posts\/81978\/revisions"}],"wp:featuredmedia":[{"embeddable":true,"href":"https:\/\/www.ilmercoledi.news\/ilmercoledi\/news\/wp-json\/wp\/v2\/media\/10400"}],"wp:attachment":[{"href":"https:\/\/www.ilmercoledi.news\/ilmercoledi\/news\/wp-json\/wp\/v2\/media?parent=81978"}],"wp:term":[{"taxonomy":"category","embeddable":true,"href":"https:\/\/www.ilmercoledi.news\/ilmercoledi\/news\/wp-json\/wp\/v2\/categories?post=81978"},{"taxonomy":"post_tag","embeddable":true,"href":"https:\/\/www.ilmercoledi.news\/ilmercoledi\/news\/wp-json\/wp\/v2\/tags?post=81978"},{"taxonomy":"news-destination","embeddable":true,"href":"https:\/\/www.ilmercoledi.news\/ilmercoledi\/news\/wp-json\/wp\/v2\/news-destination?post=81978"},{"taxonomy":"news-source","embeddable":true,"href":"https:\/\/www.ilmercoledi.news\/ilmercoledi\/news\/wp-json\/wp\/v2\/news-source?post=81978"},{"taxonomy":"is_homepage","embeddable":true,"href":"https:\/\/www.ilmercoledi.news\/ilmercoledi\/news\/wp-json\/wp\/v2\/is_homepage?post=81978"},{"taxonomy":"ta_other","embeddable":true,"href":"https:\/\/www.ilmercoledi.news\/ilmercoledi\/news\/wp-json\/wp\/v2\/ta_other?post=81978"}],"curies":[{"name":"wp","href":"https:\/\/api.w.org\/{rel}","templated":true}]}}